{"id":8423,"date":"2025-12-29T11:26:00","date_gmt":"2025-12-29T14:26:00","guid":{"rendered":"https:\/\/radioclubedeinhapim.com.br\/?p=8423"},"modified":"2025-12-29T11:26:00","modified_gmt":"2025-12-29T14:26:00","slug":"discussao-entre-vizinhos-termina-em-homicidio-e-tentativa-de-homicidio-em-imbe-de-minas","status":"publish","type":"post","link":"https:\/\/radioclubedeinhapim.com.br\/index.php\/2025\/12\/29\/discussao-entre-vizinhos-termina-em-homicidio-e-tentativa-de-homicidio-em-imbe-de-minas\/","title":{"rendered":"Discuss\u00e3o entre vizinhos termina em homic\u00eddio e tentativa de homic\u00eddio em Imb\u00e9 de Minas"},"content":{"rendered":"\n<p>Uma discuss\u00e3o entre vizinhos terminou em trag\u00e9dia na manh\u00e3 deste domingo (28) na Rua Ant\u00f4nio Fel\u00edcio Fagundes, em Imb\u00e9 de Minas. Pai e filho foram atingidos por disparos de arma de fogo durante a confus\u00e3o. O homem de 67 anos morreu no local e o filho, de 33 anos, foi socorrido em estado grave. A ocorr\u00eancia foi atendida por equipes do 62\u00ba Batalh\u00e3o da Pol\u00edcia Militar.<\/p>\n\n\n\n<p>Segundo informa\u00e7\u00f5es da Pol\u00edcia Militar, o desentendimento come\u00e7ou por volta das 9h, envolvendo as v\u00edtimas e um vizinho de 60 anos, motivado por desaven\u00e7as antigas e \u201cconversa fiada\u201d. Durante a discuss\u00e3o, o homem de 33 anos teria se armado com um fac\u00e3o e avan\u00e7ado contra o vizinho, que portava um rev\u00f3lver calibre .38.<\/p>\n\n\n\n<p>Ainda de acordo com o boletim de ocorr\u00eancia, o filho do vizinho, de 34 anos, tomou a arma do pai e efetuou cerca de tr\u00eas disparos, atingindo o homem de 33 anos, que caiu ao solo ferido. Na tentativa de intervir, o homem de 67 anos, pai da v\u00edtima baleada, acabou sendo atingido por um disparo na regi\u00e3o do ouvido e morreu no local.<\/p>\n\n\n\n<p>Ap\u00f3s os tiros, o autor de 34 anos fugiu em uma motocicleta Honda CG 150 preta. A Pol\u00edcia Militar iniciou rastreamento e segue realizando dilig\u00eancias para localizar o suspeito.<\/p>\n\n\n\n<p>A v\u00edtima de 33 anos foi socorrida em estado grave e encaminhada para um hospital em Caratinga, onde passou por cirurgia e permanece internada. Ele foi autuado em flagrante devido \u00e0 participa\u00e7\u00e3o inicial na ocorr\u00eancia.<\/p>\n\n\n\n<p>A per\u00edcia t\u00e9cnica compareceu ao local e realizou os trabalhos de praxe. O homem de 60 anos recebeu voz de pris\u00e3o em flagrante e foi conduzido para a Delegacia de Pol\u00edcia Civil de Caratinga.<\/p>\n\n\n\n<p>De acordo com a PM, j\u00e1 havia registros anteriores de conflitos entre os envolvidos, que moram em resid\u00eancias pr\u00f3ximas. As investiga\u00e7\u00f5es continuam para apurar todas as circunst\u00e2ncias do caso e localizar o autor que permanece foragido.<\/p>\n","protected":false},"excerpt":{"rendered":"<p>Uma discuss\u00e3o entre vizinhos terminou em trag\u00e9dia na manh\u00e3 deste domingo (28) na Rua Ant\u00f4nio Fel\u00edcio Fagundes, em Imb\u00e9 de Minas. Pai e filho foram atingidos por disparos de arma de fogo durante a confus\u00e3o. O homem de 67 anos morreu no local e o filho, de 33 anos, foi socorrido em estado grave. A [&hellip;]<\/p>\n","protected":false},"author":2,"featured_media":8424,"comment_status":"open","ping_status":"open","sticky":false,"template":"","format":"standard","meta":{"footnotes":""},"categories":[5],"tags":[],"class_list":["post-8423","post","type-post","status-publish","format-standard","has-post-thumbnail","hentry","category-noticias"],"wpmagazine_modules_lite_featured_media_urls":{"thumbnail":["https:\/\/radioclubedeinhapim.com.br\/wp-content\/uploads\/2025\/12\/aaa-150x150.jpg",150,150,true],"cvmm-medium":["https:\/\/radioclubedeinhapim.com.br\/wp-content\/uploads\/2025\/12\/aaa-300x300.jpg",300,300,true],"cvmm-medium-plus":["https:\/\/radioclubedeinhapim.com.br\/wp-content\/uploads\/2025\/12\/aaa-305x207.jpg",305,207,true],"cvmm-portrait":["https:\/\/radioclubedeinhapim.com.br\/wp-content\/uploads\/2025\/12\/aaa-400x600.jpg",400,600,true],"cvmm-medium-square":["https:\/\/radioclubedeinhapim.com.br\/wp-content\/uploads\/2025\/12\/aaa-600x600.jpg",600,600,true],"cvmm-large":["https:\/\/radioclubedeinhapim.com.br\/wp-content\/uploads\/2025\/12\/aaa-1024x1024.jpg",1024,1024,true],"cvmm-small":["https:\/\/radioclubedeinhapim.com.br\/wp-content\/uploads\/2025\/12\/aaa-130x95.jpg",130,95,true],"full":["https:\/\/radioclubedeinhapim.com.br\/wp-content\/uploads\/2025\/12\/aaa.jpg",1080,1080,false]},"categories_names":{"5":{"name":"Not\u00edcias","link":"https:\/\/radioclubedeinhapim.com.br\/index.php\/category\/noticias\/"}},"tags_names":[],"comments_number":"0","_links":{"self":[{"href":"https:\/\/radioclubedeinhapim.com.br\/index.php\/wp-json\/wp\/v2\/posts\/8423","targetHints":{"allow":["GET"]}}],"collection":[{"href":"https:\/\/radioclubedeinhapim.com.br\/index.php\/wp-json\/wp\/v2\/posts"}],"about":[{"href":"https:\/\/radioclubedeinhapim.com.br\/index.php\/wp-json\/wp\/v2\/types\/post"}],"author":[{"embeddable":true,"href":"https:\/\/radioclubedeinhapim.com.br\/index.php\/wp-json\/wp\/v2\/users\/2"}],"replies":[{"embeddable":true,"href":"https:\/\/radioclubedeinhapim.com.br\/index.php\/wp-json\/wp\/v2\/comments?post=8423"}],"version-history":[{"count":1,"href":"https:\/\/radioclubedeinhapim.com.br\/index.php\/wp-json\/wp\/v2\/posts\/8423\/revisions"}],"predecessor-version":[{"id":8425,"href":"https:\/\/radioclubedeinhapim.com.br\/index.php\/wp-json\/wp\/v2\/posts\/8423\/revisions\/8425"}],"wp:featuredmedia":[{"embeddable":true,"href":"https:\/\/radioclubedeinhapim.com.br\/index.php\/wp-json\/wp\/v2\/media\/8424"}],"wp:attachment":[{"href":"https:\/\/radioclubedeinhapim.com.br\/index.php\/wp-json\/wp\/v2\/media?parent=8423"}],"wp:term":[{"taxonomy":"category","embeddable":true,"href":"https:\/\/radioclubedeinhapim.com.br\/index.php\/wp-json\/wp\/v2\/categories?post=8423"},{"taxonomy":"post_tag","embeddable":true,"href":"https:\/\/radioclubedeinhapim.com.br\/index.php\/wp-json\/wp\/v2\/tags?post=8423"}],"curies":[{"name":"wp","href":"https:\/\/api.w.org\/{rel}","templated":true}]}}