{"id":8462,"date":"2026-01-02T09:18:56","date_gmt":"2026-01-02T12:18:56","guid":{"rendered":"https:\/\/radioclubedeinhapim.com.br\/?p=8462"},"modified":"2026-01-02T09:18:56","modified_gmt":"2026-01-02T12:18:56","slug":"filipe-martins-e-preso-por-ordem-de-moraes-apos-descumprir-restricoes-do-stf","status":"publish","type":"post","link":"https:\/\/radioclubedeinhapim.com.br\/index.php\/2026\/01\/02\/filipe-martins-e-preso-por-ordem-de-moraes-apos-descumprir-restricoes-do-stf\/","title":{"rendered":"Filipe Martins \u00e9 preso por ordem de Moraes ap\u00f3s descumprir restri\u00e7\u00f5es do STF"},"content":{"rendered":"\n<p>O ex-assessor especial da Presid\u00eancia na gest\u00e3o Bolsonaro, Filipe Martins, foi preso nesta sexta-feira (2) por determina\u00e7\u00e3o do ministro Alexandre de Moraes, do Supremo Tribunal Federal (STF). A ordem foi cumprida pela Pol\u00edcia Federal ap\u00f3s o magistrado concluir que Martins descumpriu medidas cautelares impostas pela Corte.<\/p>\n\n\n\n<p>A decis\u00e3o foi tomada no \u00e2mbito da A\u00e7\u00e3o Penal que investiga a atua\u00e7\u00e3o do n\u00facleo pol\u00edtico da tentativa de golpe de Estado ap\u00f3s as elei\u00e7\u00f5es de 2022.<\/p>\n\n\n\n<p>No dia 26 de dezembro, Moraes havia substitu\u00eddo a pris\u00e3o preventiva por pris\u00e3o domiciliar, acompanhada de uma s\u00e9rie de restri\u00e7\u00f5es, entre elas a proibi\u00e7\u00e3o expressa de uso de redes sociais, pr\u00f3prias ou por interm\u00e9dio de terceiros.<\/p>\n\n\n\n<p>Tr\u00eas dias depois, foi apresentada ao Tribunal uma informa\u00e7\u00e3o de que Filipe Martins teria utilizado o LinkedIn para buscar perfis de terceiros. Diante da not\u00edcia, a defesa foi intimada a se manifestar em at\u00e9 24 horas.<\/p>\n\n\n\n<p>Ap\u00f3s analisar os esclarecimentos, Moraes concluiu que houve descumprimento da ordem judicial e afirmou que \u201cn\u00e3o h\u00e1 d\u00favidas de que houve descumprimento da medida cautelar imposta\u201d.<\/p>\n\n\n\n<p>O ministro ressaltou ainda que o descumprimento das regras da pris\u00e3o domiciliar implicaria na revoga\u00e7\u00e3o do benef\u00edcio e na decreta\u00e7\u00e3o imediata da pris\u00e3o preventiva.<\/p>\n\n\n\n<p>A defesa nega uso comunicacional das redes e sustenta que acessos teriam ocorrido apenas para fins t\u00e9cnicos, como preserva\u00e7\u00e3o de provas, sem postagens ou intera\u00e7\u00f5es.<\/p>\n\n\n\n<p>Os argumentos foram rejeitados pelo relator.<\/p>\n\n\n\n<p>Filipe Martins foi condenado pela Primeira Turma do STF a 21 anos de pris\u00e3o e ao pagamento solid\u00e1rio de R$ 30 milh\u00f5es por danos morais coletivos.<\/p>\n\n\n\n<p>A condena\u00e7\u00e3o se refere \u00e0 participa\u00e7\u00e3o nos atos golpistas de 8 de janeiro de 2023, que culminaram na invas\u00e3o e depreda\u00e7\u00e3o das sedes dos Tr\u00eas Poderes, em Bras\u00edlia.<\/p>\n\n\n\n<p>O ac\u00f3rd\u00e3o ainda n\u00e3o foi publicado e o processo segue em tramita\u00e7\u00e3o no STF. A investiga\u00e7\u00e3o continua em curso e novas decis\u00f5es podem ser tomadas conforme o andamento do processo no Supremo Tribunal Federal.<\/p>\n","protected":false},"excerpt":{"rendered":"<p>O ex-assessor especial da Presid\u00eancia na gest\u00e3o Bolsonaro, Filipe Martins, foi preso nesta sexta-feira (2) por determina\u00e7\u00e3o do ministro Alexandre de Moraes, do Supremo Tribunal Federal (STF). A ordem foi cumprida pela Pol\u00edcia Federal ap\u00f3s o magistrado concluir que Martins descumpriu medidas cautelares impostas pela Corte. A decis\u00e3o foi tomada no \u00e2mbito da A\u00e7\u00e3o Penal [&hellip;]<\/p>\n","protected":false},"author":2,"featured_media":8463,"comment_status":"open","ping_status":"open","sticky":false,"template":"","format":"standard","meta":{"footnotes":""},"categories":[5],"tags":[],"class_list":["post-8462","post","type-post","status-publish","format-standard","has-post-thumbnail","hentry","category-noticias"],"wpmagazine_modules_lite_featured_media_urls":{"thumbnail":["https:\/\/radioclubedeinhapim.com.br\/wp-content\/uploads\/2026\/01\/Copia-de-Inserir-um-subtitulo-2026-01-02T091056.278-150x150.jpg",150,150,true],"cvmm-medium":["https:\/\/radioclubedeinhapim.com.br\/wp-content\/uploads\/2026\/01\/Copia-de-Inserir-um-subtitulo-2026-01-02T091056.278-300x300.jpg",300,300,true],"cvmm-medium-plus":["https:\/\/radioclubedeinhapim.com.br\/wp-content\/uploads\/2026\/01\/Copia-de-Inserir-um-subtitulo-2026-01-02T091056.278-305x207.jpg",305,207,true],"cvmm-portrait":["https:\/\/radioclubedeinhapim.com.br\/wp-content\/uploads\/2026\/01\/Copia-de-Inserir-um-subtitulo-2026-01-02T091056.278-400x600.jpg",400,600,true],"cvmm-medium-square":["https:\/\/radioclubedeinhapim.com.br\/wp-content\/uploads\/2026\/01\/Copia-de-Inserir-um-subtitulo-2026-01-02T091056.278-600x600.jpg",600,600,true],"cvmm-large":["https:\/\/radioclubedeinhapim.com.br\/wp-content\/uploads\/2026\/01\/Copia-de-Inserir-um-subtitulo-2026-01-02T091056.278-1024x1024.jpg",1024,1024,true],"cvmm-small":["https:\/\/radioclubedeinhapim.com.br\/wp-content\/uploads\/2026\/01\/Copia-de-Inserir-um-subtitulo-2026-01-02T091056.278-130x95.jpg",130,95,true],"full":["https:\/\/radioclubedeinhapim.com.br\/wp-content\/uploads\/2026\/01\/Copia-de-Inserir-um-subtitulo-2026-01-02T091056.278.jpg",1080,1080,false]},"categories_names":{"5":{"name":"Not\u00edcias","link":"https:\/\/radioclubedeinhapim.com.br\/index.php\/category\/noticias\/"}},"tags_names":[],"comments_number":"0","_links":{"self":[{"href":"https:\/\/radioclubedeinhapim.com.br\/index.php\/wp-json\/wp\/v2\/posts\/8462","targetHints":{"allow":["GET"]}}],"collection":[{"href":"https:\/\/radioclubedeinhapim.com.br\/index.php\/wp-json\/wp\/v2\/posts"}],"about":[{"href":"https:\/\/radioclubedeinhapim.com.br\/index.php\/wp-json\/wp\/v2\/types\/post"}],"author":[{"embeddable":true,"href":"https:\/\/radioclubedeinhapim.com.br\/index.php\/wp-json\/wp\/v2\/users\/2"}],"replies":[{"embeddable":true,"href":"https:\/\/radioclubedeinhapim.com.br\/index.php\/wp-json\/wp\/v2\/comments?post=8462"}],"version-history":[{"count":1,"href":"https:\/\/radioclubedeinhapim.com.br\/index.php\/wp-json\/wp\/v2\/posts\/8462\/revisions"}],"predecessor-version":[{"id":8464,"href":"https:\/\/radioclubedeinhapim.com.br\/index.php\/wp-json\/wp\/v2\/posts\/8462\/revisions\/8464"}],"wp:featuredmedia":[{"embeddable":true,"href":"https:\/\/radioclubedeinhapim.com.br\/index.php\/wp-json\/wp\/v2\/media\/8463"}],"wp:attachment":[{"href":"https:\/\/radioclubedeinhapim.com.br\/index.php\/wp-json\/wp\/v2\/media?parent=8462"}],"wp:term":[{"taxonomy":"category","embeddable":true,"href":"https:\/\/radioclubedeinhapim.com.br\/index.php\/wp-json\/wp\/v2\/categories?post=8462"},{"taxonomy":"post_tag","embeddable":true,"href":"https:\/\/radioclubedeinhapim.com.br\/index.php\/wp-json\/wp\/v2\/tags?post=8462"}],"curies":[{"name":"wp","href":"https:\/\/api.w.org\/{rel}","templated":true}]}}