{"id":8483,"date":"2026-01-06T09:30:01","date_gmt":"2026-01-06T12:30:01","guid":{"rendered":"https:\/\/radioclubedeinhapim.com.br\/?p=8483"},"modified":"2026-01-06T09:30:01","modified_gmt":"2026-01-06T12:30:01","slug":"adolescentes-armados-com-faca-roubam-posto-de-combustiveis-e-carro-no-vale-do-aco","status":"publish","type":"post","link":"https:\/\/radioclubedeinhapim.com.br\/index.php\/2026\/01\/06\/adolescentes-armados-com-faca-roubam-posto-de-combustiveis-e-carro-no-vale-do-aco\/","title":{"rendered":"Adolescentes armados com faca roubam posto de combust\u00edveis e carro no Vale do A\u00e7o"},"content":{"rendered":"\n<p>A Pol\u00edcia Militar apreendeu quatro adolescentes suspeitos de envolvimento em dois roubos registrados no domingo (4) em Tim\u00f3teo e Coronel Fabriciano, no Leste de Minas. Segundo a corpora\u00e7\u00e3o, os crimes aconteceram durante a madrugada e a noite, e os autores usaram faca e corda para amea\u00e7ar as v\u00edtimas.<\/p>\n\n\n\n<p>Por volta das 4h, um frentista de um posto localizado no bairro Santa Maria, em Tim\u00f3teo, foi rendido por um adolescente armado com uma faca. De acordo com a PM, o jovem, de aproximadamente 14 anos, bateu \u00e0 porta do alojamento pedindo ajuda. Ao abrir, o funcion\u00e1rio foi surpreendido pelo adolescente e outros dois comparsas, que tamb\u00e9m aparentavam ser menores de idade.<\/p>\n\n\n\n<p>O grupo amea\u00e7ou a v\u00edtima e roubou cerca de R$ 1.000 do caixa, um celular e uma bolsa com cart\u00f5es banc\u00e1rios. Ap\u00f3s o crime, os suspeitos fugiram a p\u00e9 e, em seguida, entraram em um carro.<\/p>\n\n\n\n<p>\u00c0 noite, por volta das 22h, outro chamado foi registrado em Coronel Fabriciano. Um motorista de aplicativo relatou que aceitou uma corrida do bairro Mangueiras at\u00e9 o Eldorado, em Tim\u00f3teo. Durante o trajeto, dois adolescentes anunciaram o assalto. Um deles estava com uma faca e o outro com uma corda, que foi usada para amea\u00e7ar a v\u00edtima. Eles roubaram o carro e o celular do motorista.<\/p>\n\n\n\n<p>Com a placa do ve\u00edculo, a PM acionou o sistema de videomonitoramento e localizou o carro em Coronel Fabriciano. No autom\u00f3vel estavam quatro adolescentes, dois de 17 anos, um de 16 e outro de 14. Eles confessaram participa\u00e7\u00e3o nos dois roubos. Com os suspeitos, foram apreendidas pedras de crack, buchas de maconha e quatro celulares.<\/p>\n\n\n\n<p>O ve\u00edculo foi recuperado e encaminhado para um p\u00e1tio credenciado. Os adolescentes foram levados \u00e0 delegacia, acompanhados por respons\u00e1veis, junto com os objetos apreendidos.<\/p>\n","protected":false},"excerpt":{"rendered":"<p>A Pol\u00edcia Militar apreendeu quatro adolescentes suspeitos de envolvimento em dois roubos registrados no domingo (4) em Tim\u00f3teo e Coronel Fabriciano, no Leste de Minas. Segundo a corpora\u00e7\u00e3o, os crimes aconteceram durante a madrugada e a noite, e os autores usaram faca e corda para amea\u00e7ar as v\u00edtimas. Por volta das 4h, um frentista de [&hellip;]<\/p>\n","protected":false},"author":2,"featured_media":8484,"comment_status":"open","ping_status":"open","sticky":false,"template":"","format":"standard","meta":{"footnotes":""},"categories":[5],"tags":[],"class_list":["post-8483","post","type-post","status-publish","format-standard","has-post-thumbnail","hentry","category-noticias"],"wpmagazine_modules_lite_featured_media_urls":{"thumbnail":["https:\/\/radioclubedeinhapim.com.br\/wp-content\/uploads\/2026\/01\/Copia-de-Inserir-um-subtitulo-2-150x150.jpg",150,150,true],"cvmm-medium":["https:\/\/radioclubedeinhapim.com.br\/wp-content\/uploads\/2026\/01\/Copia-de-Inserir-um-subtitulo-2-300x300.jpg",300,300,true],"cvmm-medium-plus":["https:\/\/radioclubedeinhapim.com.br\/wp-content\/uploads\/2026\/01\/Copia-de-Inserir-um-subtitulo-2-305x207.jpg",305,207,true],"cvmm-portrait":["https:\/\/radioclubedeinhapim.com.br\/wp-content\/uploads\/2026\/01\/Copia-de-Inserir-um-subtitulo-2-400x600.jpg",400,600,true],"cvmm-medium-square":["https:\/\/radioclubedeinhapim.com.br\/wp-content\/uploads\/2026\/01\/Copia-de-Inserir-um-subtitulo-2-600x600.jpg",600,600,true],"cvmm-large":["https:\/\/radioclubedeinhapim.com.br\/wp-content\/uploads\/2026\/01\/Copia-de-Inserir-um-subtitulo-2-1024x1024.jpg",1024,1024,true],"cvmm-small":["https:\/\/radioclubedeinhapim.com.br\/wp-content\/uploads\/2026\/01\/Copia-de-Inserir-um-subtitulo-2-130x95.jpg",130,95,true],"full":["https:\/\/radioclubedeinhapim.com.br\/wp-content\/uploads\/2026\/01\/Copia-de-Inserir-um-subtitulo-2.jpg",1080,1080,false]},"categories_names":{"5":{"name":"Not\u00edcias","link":"https:\/\/radioclubedeinhapim.com.br\/index.php\/category\/noticias\/"}},"tags_names":[],"comments_number":"0","_links":{"self":[{"href":"https:\/\/radioclubedeinhapim.com.br\/index.php\/wp-json\/wp\/v2\/posts\/8483","targetHints":{"allow":["GET"]}}],"collection":[{"href":"https:\/\/radioclubedeinhapim.com.br\/index.php\/wp-json\/wp\/v2\/posts"}],"about":[{"href":"https:\/\/radioclubedeinhapim.com.br\/index.php\/wp-json\/wp\/v2\/types\/post"}],"author":[{"embeddable":true,"href":"https:\/\/radioclubedeinhapim.com.br\/index.php\/wp-json\/wp\/v2\/users\/2"}],"replies":[{"embeddable":true,"href":"https:\/\/radioclubedeinhapim.com.br\/index.php\/wp-json\/wp\/v2\/comments?post=8483"}],"version-history":[{"count":1,"href":"https:\/\/radioclubedeinhapim.com.br\/index.php\/wp-json\/wp\/v2\/posts\/8483\/revisions"}],"predecessor-version":[{"id":8485,"href":"https:\/\/radioclubedeinhapim.com.br\/index.php\/wp-json\/wp\/v2\/posts\/8483\/revisions\/8485"}],"wp:featuredmedia":[{"embeddable":true,"href":"https:\/\/radioclubedeinhapim.com.br\/index.php\/wp-json\/wp\/v2\/media\/8484"}],"wp:attachment":[{"href":"https:\/\/radioclubedeinhapim.com.br\/index.php\/wp-json\/wp\/v2\/media?parent=8483"}],"wp:term":[{"taxonomy":"category","embeddable":true,"href":"https:\/\/radioclubedeinhapim.com.br\/index.php\/wp-json\/wp\/v2\/categories?post=8483"},{"taxonomy":"post_tag","embeddable":true,"href":"https:\/\/radioclubedeinhapim.com.br\/index.php\/wp-json\/wp\/v2\/tags?post=8483"}],"curies":[{"name":"wp","href":"https:\/\/api.w.org\/{rel}","templated":true}]}}