{"id":8503,"date":"2026-01-07T09:25:37","date_gmt":"2026-01-07T12:25:37","guid":{"rendered":"https:\/\/radioclubedeinhapim.com.br\/?p=8503"},"modified":"2026-01-07T09:25:37","modified_gmt":"2026-01-07T12:25:37","slug":"presidencias-de-camara-e-senado-optam-novamente-por-nao-participar-de-ato-pro-democracia-no-8-de-janeiro-organizado-pelo-governo-federal","status":"publish","type":"post","link":"https:\/\/radioclubedeinhapim.com.br\/index.php\/2026\/01\/07\/presidencias-de-camara-e-senado-optam-novamente-por-nao-participar-de-ato-pro-democracia-no-8-de-janeiro-organizado-pelo-governo-federal\/","title":{"rendered":"Presid\u00eancias de C\u00e2mara e Senado optam novamente por n\u00e3o participar de ato pr\u00f3-democracia no 8 de Janeiro organizado pelo Governo Federal"},"content":{"rendered":"\n<p>Nenhum presidente da C\u00e2mara dos Deputados participou, at\u00e9 hoje, dos atos oficiais organizados pelo governo federal, em lembran\u00e7a dos ataques golpistas de 8 de Janeiro de 2023. Neste ano, o cen\u00e1rio se repete, e a presid\u00eancia do Senado tamb\u00e9m optou por n\u00e3o estar presente.<\/p>\n\n\n\n<p>As aus\u00eancias coincidem com a expectativa de o presidente Luiz In\u00e1cio Lula da Silva vetar o projeto, aprovado pelo Congresso, que anistia participantes das tentativas golpistas.<\/p>\n\n\n\n<p>O atual presidente da C\u00e2mara, Hugo Motta (Republicanos-PB), n\u00e3o vai comparecer \u00e0 cerim\u00f4nia em defesa da democracia nesta quinta-feira (8), no Pal\u00e1cio do Planalto. Seu antecessor, Arthur Lira (PP-AL), tamb\u00e9m n\u00e3o participou em 2024 nem em 2025.<\/p>\n\n\n\n<p>Neste ano, o Legislativo n\u00e3o programou nenhuma cerim\u00f4nia pr\u00f3pria para marcar a data. O primeiro ato ocorreu em 2024 no Congresso. Lira era aguardado, mas alegou problema de sa\u00fade na fam\u00edlia e n\u00e3o foi. O ent\u00e3o presidente do Senado, Rodrigo Pacheco (PSD-MG), compareceu.<\/p>\n\n\n\n<p>Em 2025, no Planalto, Lira voltou a faltar e Pacheco tamb\u00e9m n\u00e3o foi. O Senado foi representado pelo vice, Veneziano Vital do R\u00eago (MDB-PB). Em 2026, al\u00e9m de Motta, o presidente do Senado, Davi Alcolumbre (Uni\u00e3o-AP), tamb\u00e9m n\u00e3o participar\u00e1.<\/p>\n\n\n\n<p>Aliados do governo rejeitam que a aus\u00eancia tenha rela\u00e7\u00e3o direta com o poss\u00edvel veto. \u201cVetar\u00e1, provavelmente, mas n\u00e3o seria nessa solenidade\u201d, afirmou M\u00e1rio Heringer (PDT-MG).<\/p>\n\n\n\n<p>O Congresso foi o primeiro pr\u00e9dio atacado em 2023. S\u00f3 na C\u00e2mara, mais de 400 computadores foram destru\u00eddos. Levantamento da PF e da UFMG aponta 186 obras de arte danificadas. Somados Congresso, STF e Planalto, os danos em obras chegam a R$ 20 milh\u00f5es e o preju\u00edzo material \u00e9 estimado em R$ 12 milh\u00f5es.<\/p>\n","protected":false},"excerpt":{"rendered":"<p>Nenhum presidente da C\u00e2mara dos Deputados participou, at\u00e9 hoje, dos atos oficiais organizados pelo governo federal, em lembran\u00e7a dos ataques golpistas de 8 de Janeiro de 2023. Neste ano, o cen\u00e1rio se repete, e a presid\u00eancia do Senado tamb\u00e9m optou por n\u00e3o estar presente. As aus\u00eancias coincidem com a expectativa de o presidente Luiz In\u00e1cio [&hellip;]<\/p>\n","protected":false},"author":2,"featured_media":8504,"comment_status":"open","ping_status":"open","sticky":false,"template":"","format":"standard","meta":{"footnotes":""},"categories":[5],"tags":[],"class_list":["post-8503","post","type-post","status-publish","format-standard","has-post-thumbnail","hentry","category-noticias"],"wpmagazine_modules_lite_featured_media_urls":{"thumbnail":["https:\/\/radioclubedeinhapim.com.br\/wp-content\/uploads\/2026\/01\/Copia-de-Inserir-um-subtitulo-11-150x150.jpg",150,150,true],"cvmm-medium":["https:\/\/radioclubedeinhapim.com.br\/wp-content\/uploads\/2026\/01\/Copia-de-Inserir-um-subtitulo-11-300x300.jpg",300,300,true],"cvmm-medium-plus":["https:\/\/radioclubedeinhapim.com.br\/wp-content\/uploads\/2026\/01\/Copia-de-Inserir-um-subtitulo-11-305x207.jpg",305,207,true],"cvmm-portrait":["https:\/\/radioclubedeinhapim.com.br\/wp-content\/uploads\/2026\/01\/Copia-de-Inserir-um-subtitulo-11-400x600.jpg",400,600,true],"cvmm-medium-square":["https:\/\/radioclubedeinhapim.com.br\/wp-content\/uploads\/2026\/01\/Copia-de-Inserir-um-subtitulo-11-600x600.jpg",600,600,true],"cvmm-large":["https:\/\/radioclubedeinhapim.com.br\/wp-content\/uploads\/2026\/01\/Copia-de-Inserir-um-subtitulo-11-1024x1024.jpg",1024,1024,true],"cvmm-small":["https:\/\/radioclubedeinhapim.com.br\/wp-content\/uploads\/2026\/01\/Copia-de-Inserir-um-subtitulo-11-130x95.jpg",130,95,true],"full":["https:\/\/radioclubedeinhapim.com.br\/wp-content\/uploads\/2026\/01\/Copia-de-Inserir-um-subtitulo-11.jpg",1080,1080,false]},"categories_names":{"5":{"name":"Not\u00edcias","link":"https:\/\/radioclubedeinhapim.com.br\/index.php\/category\/noticias\/"}},"tags_names":[],"comments_number":"0","_links":{"self":[{"href":"https:\/\/radioclubedeinhapim.com.br\/index.php\/wp-json\/wp\/v2\/posts\/8503","targetHints":{"allow":["GET"]}}],"collection":[{"href":"https:\/\/radioclubedeinhapim.com.br\/index.php\/wp-json\/wp\/v2\/posts"}],"about":[{"href":"https:\/\/radioclubedeinhapim.com.br\/index.php\/wp-json\/wp\/v2\/types\/post"}],"author":[{"embeddable":true,"href":"https:\/\/radioclubedeinhapim.com.br\/index.php\/wp-json\/wp\/v2\/users\/2"}],"replies":[{"embeddable":true,"href":"https:\/\/radioclubedeinhapim.com.br\/index.php\/wp-json\/wp\/v2\/comments?post=8503"}],"version-history":[{"count":1,"href":"https:\/\/radioclubedeinhapim.com.br\/index.php\/wp-json\/wp\/v2\/posts\/8503\/revisions"}],"predecessor-version":[{"id":8505,"href":"https:\/\/radioclubedeinhapim.com.br\/index.php\/wp-json\/wp\/v2\/posts\/8503\/revisions\/8505"}],"wp:featuredmedia":[{"embeddable":true,"href":"https:\/\/radioclubedeinhapim.com.br\/index.php\/wp-json\/wp\/v2\/media\/8504"}],"wp:attachment":[{"href":"https:\/\/radioclubedeinhapim.com.br\/index.php\/wp-json\/wp\/v2\/media?parent=8503"}],"wp:term":[{"taxonomy":"category","embeddable":true,"href":"https:\/\/radioclubedeinhapim.com.br\/index.php\/wp-json\/wp\/v2\/categories?post=8503"},{"taxonomy":"post_tag","embeddable":true,"href":"https:\/\/radioclubedeinhapim.com.br\/index.php\/wp-json\/wp\/v2\/tags?post=8503"}],"curies":[{"name":"wp","href":"https:\/\/api.w.org\/{rel}","templated":true}]}}