{"id":8506,"date":"2026-01-07T10:55:29","date_gmt":"2026-01-07T13:55:29","guid":{"rendered":"https:\/\/radioclubedeinhapim.com.br\/?p=8506"},"modified":"2026-01-07T10:55:29","modified_gmt":"2026-01-07T13:55:29","slug":"homem-que-matou-ex-namorada-a-facadas-e-preso-em-itambacuri","status":"publish","type":"post","link":"https:\/\/radioclubedeinhapim.com.br\/index.php\/2026\/01\/07\/homem-que-matou-ex-namorada-a-facadas-e-preso-em-itambacuri\/","title":{"rendered":"Homem que matou ex-namorada a facadas \u00e9 preso em Itambacuri"},"content":{"rendered":"\n<p>A <a><\/a>Pol\u00edcia Militar prendeu nesta ter\u00e7a-feira (7) o autor de um feminic\u00eddio em Mathias Lobato, no Leste de Minas. O homem, de 25 anos, foi preso em Itambacuri, depois de ter fugido do local do crime na noite anterior.<\/p>\n\n\n\n<p>De acordo com o boletim da PM, por relatos da irm\u00e3 da v\u00edtima, o autor teria invadido a casa da ex-namorada, Maria Eduarda Alves Lima, de 20 anos, pulando a janela dos fundos. Ele surpreendeu a mulher, a estrangulou e, em seguida, desferiu v\u00e1rios golpes de faca.<\/p>\n\n\n\n<p>A jovem chegou a ser socorrida por uma ambul\u00e2ncia, mas n\u00e3o resistiu aos ferimentos.<\/p>\n\n\n\n<p>Segundo a irm\u00e3 da v\u00edtima, Maria Eduarda teria sido agredida pelo autor no s\u00e1bado (3), mas n\u00e3o registrou a ocorr\u00eancia. Ap\u00f3s o epis\u00f3dio, ela terminou o relacionamento e foi para uma fazenda onde a irm\u00e3 mora. No dia do crime, retornou para Mathia Lobato com a irm\u00e3.<\/p>\n\n\n\n<p>Ap\u00f3s o crime, o autor fugiu a p\u00e9. A Pol\u00edcia Militar realizou buscas e esteve na casa dos pais do preso, onde a irm\u00e3 dele informou que ele apareceu com roupas sujas de barro e sangue.<\/p>\n\n\n\n<p>De acordo com os familiares, o autor pediu ao pai para lev\u00e1-lo at\u00e9 Itambacuri, afirmando que \u201cachava que tinha matado a Duda\u201d. Como o pedido foi negado, ele pegou uma mochila e saiu a p\u00e9 em sentido a BR-116.<\/p>\n\n\n\n<p>O homem se entregou em Itambacuri e foi encaminhado para a Delegacia de Pol\u00edcia Civil em Governador Valadares.<\/p>\n\n\n\n<p>O corpo de Maria Eduarda foi encaminhado ao Instituto M\u00e9dico Legal (IML) de Governador Valadares. A Pol\u00edcia Civil informou que a per\u00edcia n\u00e3o compareceu ao local e que a remo\u00e7\u00e3o foi realizada por uma funer\u00e1ria autorizada pela delegada plantonista.<\/p>\n\n\n\n<p><a href=\"https:\/\/www.facebook.com\/photo\/?fbid=1735446300787736&amp;set=a.814962612836114&amp;__cft__[0]=AZYm6cC_26cxLIqFAat8lVRaGcuUwHxspg94heYH7y7hQRIwmEpEj1M_0K9ljlKnwq7TvEM87dEwPHGuNPkc_kOAO4eUws1cnbRkIJAfFIzvLddMUDbRa5SB7IVGvD46FY8gndy9isahKe4CQYB2TAE9GJDCzEm5rs_TFzIEAU-VtU1GYGT28IwvYcaUrhoxxVE&amp;__tn__=EH-R\"><\/a><\/p>\n\n\n\n<p><\/p>\n","protected":false},"excerpt":{"rendered":"<p>A Pol\u00edcia Militar prendeu nesta ter\u00e7a-feira (7) o autor de um feminic\u00eddio em Mathias Lobato, no Leste de Minas. O homem, de 25 anos, foi preso em Itambacuri, depois de ter fugido do local do crime na noite anterior. De acordo com o boletim da PM, por relatos da irm\u00e3 da v\u00edtima, o autor teria [&hellip;]<\/p>\n","protected":false},"author":2,"featured_media":8507,"comment_status":"open","ping_status":"open","sticky":false,"template":"","format":"standard","meta":{"footnotes":""},"categories":[5],"tags":[],"class_list":["post-8506","post","type-post","status-publish","format-standard","has-post-thumbnail","hentry","category-noticias"],"wpmagazine_modules_lite_featured_media_urls":{"thumbnail":["https:\/\/radioclubedeinhapim.com.br\/wp-content\/uploads\/2026\/01\/Copia-de-Inserir-um-subtitulo-13-150x150.jpg",150,150,true],"cvmm-medium":["https:\/\/radioclubedeinhapim.com.br\/wp-content\/uploads\/2026\/01\/Copia-de-Inserir-um-subtitulo-13-300x300.jpg",300,300,true],"cvmm-medium-plus":["https:\/\/radioclubedeinhapim.com.br\/wp-content\/uploads\/2026\/01\/Copia-de-Inserir-um-subtitulo-13-305x207.jpg",305,207,true],"cvmm-portrait":["https:\/\/radioclubedeinhapim.com.br\/wp-content\/uploads\/2026\/01\/Copia-de-Inserir-um-subtitulo-13-400x600.jpg",400,600,true],"cvmm-medium-square":["https:\/\/radioclubedeinhapim.com.br\/wp-content\/uploads\/2026\/01\/Copia-de-Inserir-um-subtitulo-13-600x600.jpg",600,600,true],"cvmm-large":["https:\/\/radioclubedeinhapim.com.br\/wp-content\/uploads\/2026\/01\/Copia-de-Inserir-um-subtitulo-13-1024x1024.jpg",1024,1024,true],"cvmm-small":["https:\/\/radioclubedeinhapim.com.br\/wp-content\/uploads\/2026\/01\/Copia-de-Inserir-um-subtitulo-13-130x95.jpg",130,95,true],"full":["https:\/\/radioclubedeinhapim.com.br\/wp-content\/uploads\/2026\/01\/Copia-de-Inserir-um-subtitulo-13.jpg",1080,1080,false]},"categories_names":{"5":{"name":"Not\u00edcias","link":"https:\/\/radioclubedeinhapim.com.br\/index.php\/category\/noticias\/"}},"tags_names":[],"comments_number":"0","_links":{"self":[{"href":"https:\/\/radioclubedeinhapim.com.br\/index.php\/wp-json\/wp\/v2\/posts\/8506","targetHints":{"allow":["GET"]}}],"collection":[{"href":"https:\/\/radioclubedeinhapim.com.br\/index.php\/wp-json\/wp\/v2\/posts"}],"about":[{"href":"https:\/\/radioclubedeinhapim.com.br\/index.php\/wp-json\/wp\/v2\/types\/post"}],"author":[{"embeddable":true,"href":"https:\/\/radioclubedeinhapim.com.br\/index.php\/wp-json\/wp\/v2\/users\/2"}],"replies":[{"embeddable":true,"href":"https:\/\/radioclubedeinhapim.com.br\/index.php\/wp-json\/wp\/v2\/comments?post=8506"}],"version-history":[{"count":1,"href":"https:\/\/radioclubedeinhapim.com.br\/index.php\/wp-json\/wp\/v2\/posts\/8506\/revisions"}],"predecessor-version":[{"id":8508,"href":"https:\/\/radioclubedeinhapim.com.br\/index.php\/wp-json\/wp\/v2\/posts\/8506\/revisions\/8508"}],"wp:featuredmedia":[{"embeddable":true,"href":"https:\/\/radioclubedeinhapim.com.br\/index.php\/wp-json\/wp\/v2\/media\/8507"}],"wp:attachment":[{"href":"https:\/\/radioclubedeinhapim.com.br\/index.php\/wp-json\/wp\/v2\/media?parent=8506"}],"wp:term":[{"taxonomy":"category","embeddable":true,"href":"https:\/\/radioclubedeinhapim.com.br\/index.php\/wp-json\/wp\/v2\/categories?post=8506"},{"taxonomy":"post_tag","embeddable":true,"href":"https:\/\/radioclubedeinhapim.com.br\/index.php\/wp-json\/wp\/v2\/tags?post=8506"}],"curies":[{"name":"wp","href":"https:\/\/api.w.org\/{rel}","templated":true}]}}