{"id":8604,"date":"2026-01-15T16:49:51","date_gmt":"2026-01-15T19:49:51","guid":{"rendered":"https:\/\/radioclubedeinhapim.com.br\/?p=8604"},"modified":"2026-01-15T16:49:51","modified_gmt":"2026-01-15T19:49:51","slug":"carreta-com-biscoitos-tomba-na-br-116-e-carga-e-saqueada-por-populares","status":"publish","type":"post","link":"https:\/\/radioclubedeinhapim.com.br\/index.php\/2026\/01\/15\/carreta-com-biscoitos-tomba-na-br-116-e-carga-e-saqueada-por-populares\/","title":{"rendered":"Carreta com biscoitos tomba na BR-116 e carga \u00e9 saqueada por populares"},"content":{"rendered":"\n<p>Uma carreta carregada com biscoitos se envolveu em um incidente na tarde desta quarta-feira (14) na BR-116, entre os munic\u00edpios de Santa Rita de Minas e Santa B\u00e1rbara do Leste. Parte da carga foi saqueada ap\u00f3s o rompimento de uma das paredes do ba\u00fa.<\/p>\n\n\n\n<p>Segundo o motorista, os produtos transportados n\u00e3o estavam devidamente amarrados no interior do compartimento. Durante a realiza\u00e7\u00e3o de uma curva, o peso da carga se deslocou, provocando o tombamento parcial da estrutura. Com o impacto, uma das laterais do ba\u00fa se rompeu e diversos pacotes de biscoitos ca\u00edram \u00e0s margens da rodovia.<\/p>\n\n\n\n<p>Populares que passavam pelo local se aglomeraram e come\u00e7aram a recolher parte da carga. A situa\u00e7\u00e3o foi contida ap\u00f3s a chegada da Pol\u00edcia Rodovi\u00e1ria Federal (PRF), que dispersou a multid\u00e3o e solicitou apoio da Pol\u00edcia Militar para preservar a integridade da carga restante.<\/p>\n\n\n\n<p>Um novo caminh\u00e3o foi acionado para realizar o transbordo dos produtos n\u00e3o danificados. As for\u00e7as de seguran\u00e7a permaneceram no local at\u00e9 a finaliza\u00e7\u00e3o do processo.<\/p>\n\n\n\n<p>Apesar do preju\u00edzo causado pela perda e pelo furto da carga, ningu\u00e9m ficou ferido no incidente.<\/p>\n","protected":false},"excerpt":{"rendered":"<p>Uma carreta carregada com biscoitos se envolveu em um incidente na tarde desta quarta-feira (14) na BR-116, entre os munic\u00edpios de Santa Rita de Minas e Santa B\u00e1rbara do Leste. Parte da carga foi saqueada ap\u00f3s o rompimento de uma das paredes do ba\u00fa. Segundo o motorista, os produtos transportados n\u00e3o estavam devidamente amarrados no [&hellip;]<\/p>\n","protected":false},"author":2,"featured_media":8605,"comment_status":"open","ping_status":"open","sticky":false,"template":"","format":"standard","meta":{"footnotes":""},"categories":[5],"tags":[],"class_list":["post-8604","post","type-post","status-publish","format-standard","has-post-thumbnail","hentry","category-noticias"],"wpmagazine_modules_lite_featured_media_urls":{"thumbnail":["https:\/\/radioclubedeinhapim.com.br\/wp-content\/uploads\/2026\/01\/Copia-de-Inserir-um-subtitulo-38-150x150.jpg",150,150,true],"cvmm-medium":["https:\/\/radioclubedeinhapim.com.br\/wp-content\/uploads\/2026\/01\/Copia-de-Inserir-um-subtitulo-38-300x300.jpg",300,300,true],"cvmm-medium-plus":["https:\/\/radioclubedeinhapim.com.br\/wp-content\/uploads\/2026\/01\/Copia-de-Inserir-um-subtitulo-38-305x207.jpg",305,207,true],"cvmm-portrait":["https:\/\/radioclubedeinhapim.com.br\/wp-content\/uploads\/2026\/01\/Copia-de-Inserir-um-subtitulo-38-400x600.jpg",400,600,true],"cvmm-medium-square":["https:\/\/radioclubedeinhapim.com.br\/wp-content\/uploads\/2026\/01\/Copia-de-Inserir-um-subtitulo-38-600x600.jpg",600,600,true],"cvmm-large":["https:\/\/radioclubedeinhapim.com.br\/wp-content\/uploads\/2026\/01\/Copia-de-Inserir-um-subtitulo-38-1024x1024.jpg",1024,1024,true],"cvmm-small":["https:\/\/radioclubedeinhapim.com.br\/wp-content\/uploads\/2026\/01\/Copia-de-Inserir-um-subtitulo-38-130x95.jpg",130,95,true],"full":["https:\/\/radioclubedeinhapim.com.br\/wp-content\/uploads\/2026\/01\/Copia-de-Inserir-um-subtitulo-38.jpg",1080,1080,false]},"categories_names":{"5":{"name":"Not\u00edcias","link":"https:\/\/radioclubedeinhapim.com.br\/index.php\/category\/noticias\/"}},"tags_names":[],"comments_number":"0","_links":{"self":[{"href":"https:\/\/radioclubedeinhapim.com.br\/index.php\/wp-json\/wp\/v2\/posts\/8604","targetHints":{"allow":["GET"]}}],"collection":[{"href":"https:\/\/radioclubedeinhapim.com.br\/index.php\/wp-json\/wp\/v2\/posts"}],"about":[{"href":"https:\/\/radioclubedeinhapim.com.br\/index.php\/wp-json\/wp\/v2\/types\/post"}],"author":[{"embeddable":true,"href":"https:\/\/radioclubedeinhapim.com.br\/index.php\/wp-json\/wp\/v2\/users\/2"}],"replies":[{"embeddable":true,"href":"https:\/\/radioclubedeinhapim.com.br\/index.php\/wp-json\/wp\/v2\/comments?post=8604"}],"version-history":[{"count":1,"href":"https:\/\/radioclubedeinhapim.com.br\/index.php\/wp-json\/wp\/v2\/posts\/8604\/revisions"}],"predecessor-version":[{"id":8606,"href":"https:\/\/radioclubedeinhapim.com.br\/index.php\/wp-json\/wp\/v2\/posts\/8604\/revisions\/8606"}],"wp:featuredmedia":[{"embeddable":true,"href":"https:\/\/radioclubedeinhapim.com.br\/index.php\/wp-json\/wp\/v2\/media\/8605"}],"wp:attachment":[{"href":"https:\/\/radioclubedeinhapim.com.br\/index.php\/wp-json\/wp\/v2\/media?parent=8604"}],"wp:term":[{"taxonomy":"category","embeddable":true,"href":"https:\/\/radioclubedeinhapim.com.br\/index.php\/wp-json\/wp\/v2\/categories?post=8604"},{"taxonomy":"post_tag","embeddable":true,"href":"https:\/\/radioclubedeinhapim.com.br\/index.php\/wp-json\/wp\/v2\/tags?post=8604"}],"curies":[{"name":"wp","href":"https:\/\/api.w.org\/{rel}","templated":true}]}}