{"id":8611,"date":"2026-01-16T12:43:46","date_gmt":"2026-01-16T15:43:46","guid":{"rendered":"https:\/\/radioclubedeinhapim.com.br\/?p=8611"},"modified":"2026-01-16T12:43:46","modified_gmt":"2026-01-16T15:43:46","slug":"delegada-acusada-de-advogar-para-o-pcc-e-presa-em-sao-paulo","status":"publish","type":"post","link":"https:\/\/radioclubedeinhapim.com.br\/index.php\/2026\/01\/16\/delegada-acusada-de-advogar-para-o-pcc-e-presa-em-sao-paulo\/","title":{"rendered":"Delegada acusada de advogar para o PCC \u00e9 presa em S\u00e3o Paulo"},"content":{"rendered":"\n<p>Uma delegada rec\u00e9m-empossada foi presa em S\u00e3o Paulo nesta sexta-feira (16), durante uma opera\u00e7\u00e3o do Minist\u00e9rio P\u00fablico, por suspeita de advogar para o Primeiro Comando da Capital (PCC).<\/p>\n\n\n\n<p>Segundo a investiga\u00e7\u00e3o, a delegada Layla Lima Ayub mantinha v\u00ednculo pessoal e profissional com integrantes da fac\u00e7\u00e3o criminosa. Ela tamb\u00e9m \u00e9 suspeita de ter exercido irregularmente a advocacia ao atuar em audi\u00eancias de cust\u00f3dia na defesa de presos ligados a organiza\u00e7\u00f5es criminosas, apesar de j\u00e1 ocupar o cargo de delegada.<\/p>\n\n\n\n<p>A delegada tomou posse em 19 de dezembro do ano passado, em solenidade no Pal\u00e1cio dos Bandeirantes, sede do governo de S\u00e3o Paulo.<\/p>\n\n\n\n<p>Na ocasi\u00e3o, conforme imagens publicadas nas redes sociais, ela estava acompanhada do namorado, Jardel Neto Pereira da Cruz, conhecido como Dedel. Ele \u00e9 apontado pelas autoridades da Regi\u00e3o Norte do pa\u00eds como integrante do PCC e um dos chefes do tr\u00e1fico de armas e drogas em Roraima.<\/p>\n\n\n\n<p>A pedido do Minist\u00e9rio P\u00fablico, a Justi\u00e7a decretou a pris\u00e3o tempor\u00e1ria dela e do namorado. O casal \u00e9 investigado pelos crimes de organiza\u00e7\u00e3o criminosa e lavagem de dinheiro.<\/p>\n\n\n\n<p>Al\u00e9m dos mandados de pris\u00e3o, foram cumpridos sete mandados de busca e apreens\u00e3o nas cidades de S\u00e3o Paulo e de Marab\u00e1 (PA).<\/p>\n\n\n\n<p>Segundo o Minist\u00e9rio P\u00fablico, em 28 de dezembro do ano passado, nove dias ap\u00f3s tomar posse como delegada na capital, Layla atuou como advogada na defesa de um dos quatro integrantes do PCC presos em flagrante pela Pol\u00edcia Militar em Rondon do Par\u00e1.<\/p>\n\n\n\n<p>Contudo, a conduta \u00e9 proibida tanto pelo Estatuto da Advocacia quanto por normas estaduais, que vedam a delegados de pol\u00edcia o exerc\u00edcio da advocacia privada.<\/p>\n\n\n\n<p>Promotores do Grupo de Atua\u00e7\u00e3o Especial de Combate ao Crime Organizado (Gaeco) suspeitam que Layla utilizava o cargo para favorecer interesses da fac\u00e7\u00e3o criminosa. Como delegada, ela teria acesso a inqu\u00e9ritos e a bancos de dados com informa\u00e7\u00f5es restritas.<\/p>\n\n\n\n<p>As investiga\u00e7\u00f5es tamb\u00e9m apontam que Layla e o namorado teriam adquirido uma padaria em Itaquera, na Zona Leste de S\u00e3o Paulo, com dinheiro de origem il\u00edcita, utilizando o nome de um \u201claranja\u201d para ocultar a real propriedade do neg\u00f3cio.<\/p>\n","protected":false},"excerpt":{"rendered":"<p>Uma delegada rec\u00e9m-empossada foi presa em S\u00e3o Paulo nesta sexta-feira (16), durante uma opera\u00e7\u00e3o do Minist\u00e9rio P\u00fablico, por suspeita de advogar para o Primeiro Comando da Capital (PCC). Segundo a investiga\u00e7\u00e3o, a delegada Layla Lima Ayub mantinha v\u00ednculo pessoal e profissional com integrantes da fac\u00e7\u00e3o criminosa. Ela tamb\u00e9m \u00e9 suspeita de ter exercido irregularmente a [&hellip;]<\/p>\n","protected":false},"author":2,"featured_media":8612,"comment_status":"open","ping_status":"open","sticky":false,"template":"","format":"standard","meta":{"footnotes":""},"categories":[5],"tags":[],"class_list":["post-8611","post","type-post","status-publish","format-standard","has-post-thumbnail","hentry","category-noticias"],"wpmagazine_modules_lite_featured_media_urls":{"thumbnail":["https:\/\/radioclubedeinhapim.com.br\/wp-content\/uploads\/2026\/01\/Copia-de-Inserir-um-subtitulo-41-150x150.jpg",150,150,true],"cvmm-medium":["https:\/\/radioclubedeinhapim.com.br\/wp-content\/uploads\/2026\/01\/Copia-de-Inserir-um-subtitulo-41-300x300.jpg",300,300,true],"cvmm-medium-plus":["https:\/\/radioclubedeinhapim.com.br\/wp-content\/uploads\/2026\/01\/Copia-de-Inserir-um-subtitulo-41-305x207.jpg",305,207,true],"cvmm-portrait":["https:\/\/radioclubedeinhapim.com.br\/wp-content\/uploads\/2026\/01\/Copia-de-Inserir-um-subtitulo-41-400x600.jpg",400,600,true],"cvmm-medium-square":["https:\/\/radioclubedeinhapim.com.br\/wp-content\/uploads\/2026\/01\/Copia-de-Inserir-um-subtitulo-41-600x600.jpg",600,600,true],"cvmm-large":["https:\/\/radioclubedeinhapim.com.br\/wp-content\/uploads\/2026\/01\/Copia-de-Inserir-um-subtitulo-41-1024x1024.jpg",1024,1024,true],"cvmm-small":["https:\/\/radioclubedeinhapim.com.br\/wp-content\/uploads\/2026\/01\/Copia-de-Inserir-um-subtitulo-41-130x95.jpg",130,95,true],"full":["https:\/\/radioclubedeinhapim.com.br\/wp-content\/uploads\/2026\/01\/Copia-de-Inserir-um-subtitulo-41.jpg",1080,1080,false]},"categories_names":{"5":{"name":"Not\u00edcias","link":"https:\/\/radioclubedeinhapim.com.br\/index.php\/category\/noticias\/"}},"tags_names":[],"comments_number":"0","_links":{"self":[{"href":"https:\/\/radioclubedeinhapim.com.br\/index.php\/wp-json\/wp\/v2\/posts\/8611","targetHints":{"allow":["GET"]}}],"collection":[{"href":"https:\/\/radioclubedeinhapim.com.br\/index.php\/wp-json\/wp\/v2\/posts"}],"about":[{"href":"https:\/\/radioclubedeinhapim.com.br\/index.php\/wp-json\/wp\/v2\/types\/post"}],"author":[{"embeddable":true,"href":"https:\/\/radioclubedeinhapim.com.br\/index.php\/wp-json\/wp\/v2\/users\/2"}],"replies":[{"embeddable":true,"href":"https:\/\/radioclubedeinhapim.com.br\/index.php\/wp-json\/wp\/v2\/comments?post=8611"}],"version-history":[{"count":1,"href":"https:\/\/radioclubedeinhapim.com.br\/index.php\/wp-json\/wp\/v2\/posts\/8611\/revisions"}],"predecessor-version":[{"id":8613,"href":"https:\/\/radioclubedeinhapim.com.br\/index.php\/wp-json\/wp\/v2\/posts\/8611\/revisions\/8613"}],"wp:featuredmedia":[{"embeddable":true,"href":"https:\/\/radioclubedeinhapim.com.br\/index.php\/wp-json\/wp\/v2\/media\/8612"}],"wp:attachment":[{"href":"https:\/\/radioclubedeinhapim.com.br\/index.php\/wp-json\/wp\/v2\/media?parent=8611"}],"wp:term":[{"taxonomy":"category","embeddable":true,"href":"https:\/\/radioclubedeinhapim.com.br\/index.php\/wp-json\/wp\/v2\/categories?post=8611"},{"taxonomy":"post_tag","embeddable":true,"href":"https:\/\/radioclubedeinhapim.com.br\/index.php\/wp-json\/wp\/v2\/tags?post=8611"}],"curies":[{"name":"wp","href":"https:\/\/api.w.org\/{rel}","templated":true}]}}