{"id":8632,"date":"2026-01-19T09:27:12","date_gmt":"2026-01-19T12:27:12","guid":{"rendered":"https:\/\/radioclubedeinhapim.com.br\/?p=8632"},"modified":"2026-01-19T09:27:12","modified_gmt":"2026-01-19T12:27:12","slug":"jovem-sequestrado-em-caputira-e-encontrado-morto-no-ribeirao-da-cabeluda","status":"publish","type":"post","link":"https:\/\/radioclubedeinhapim.com.br\/index.php\/2026\/01\/19\/jovem-sequestrado-em-caputira-e-encontrado-morto-no-ribeirao-da-cabeluda\/","title":{"rendered":"Jovem sequestrado em Caputira \u00e9 encontrado morto no Ribeir\u00e3o da Cabeluda"},"content":{"rendered":"\n<p>Foi localizado no ribeir\u00e3o da Cabeluda, neste s\u00e1bado, 17\/01, o corpo do jovem Felipe Medeiros dos Santos, de 23 anos. Morador do bairro Engenho da Serra, em Manhua\u00e7u, Felipe havia ido a Caputira na quinta-feira e foi sequestrado por um grupo armado, sendo mantido em c\u00e1rcere privado. Apesar de informa\u00e7\u00f5es iniciais apontarem o homic\u00eddio, a confirma\u00e7\u00e3o oficial ocorreu apenas ap\u00f3s a localiza\u00e7\u00e3o do corpo.<\/p>\n\n\n\n<p>O tenente Oliveira, da Pol\u00edcia Militar, informou que a corpora\u00e7\u00e3o foi acionada ainda na quinta-feira para atender uma ocorr\u00eancia de desaparecimento com suspeita de c\u00e1rcere privado. Durante as dilig\u00eancias, dois indiv\u00edduos foram presos em flagrante na sexta-feira. Neste s\u00e1bado, o corpo da v\u00edtima foi localizado nas \u00e1guas do ribeir\u00e3o da Cabeluda, em Caputira. A per\u00edcia constatou tr\u00eas perfura\u00e7\u00f5es causadas por disparos de arma de fogo. O corpo foi encaminhado ao IML e as investiga\u00e7\u00f5es continuam.<\/p>\n\n\n\n<p>O caso causou grande como\u00e7\u00e3o entre familiares e moradores da cidade. Na quinta-feira, 15\/01, foi registrado o sequestro no bairro Vila Carrinho, pr\u00f3ximo a um curso d\u2019\u00e1gua. Felipe foi abordado por cinco homens armados enquanto estava com familiares. Ele foi levado contra a vontade, enquanto os parentes foram colocados em um carro de aplicativo e enviados para Manhua\u00e7u.<\/p>\n\n\n\n<p>Durante o rastreamento, dois jovens de 19 anos foram presos. Outros dois suspeitos, de 18 e 25 anos, foram identificados, mas n\u00e3o localizados. Uma espingarda artesanal, partes de uma r\u00e9plica de arma de fogo e um celular foram apreendidos.<\/p>\n\n\n\n<p>Em outra ocorr\u00eancia, em Padre Fialho, um jovem de 18 anos, foragido do caso de Caputira, foi preso durante opera\u00e7\u00e3o contra tr\u00e1fico. Houve rea\u00e7\u00e3o armada, e um suspeito morreu ap\u00f3s confronto. Armas, drogas e diversos materiais foram apreendidos. As buscas pelos demais envolvidos continuam.<\/p>\n","protected":false},"excerpt":{"rendered":"<p>Foi localizado no ribeir\u00e3o da Cabeluda, neste s\u00e1bado, 17\/01, o corpo do jovem Felipe Medeiros dos Santos, de 23 anos. Morador do bairro Engenho da Serra, em Manhua\u00e7u, Felipe havia ido a Caputira na quinta-feira e foi sequestrado por um grupo armado, sendo mantido em c\u00e1rcere privado. Apesar de informa\u00e7\u00f5es iniciais apontarem o homic\u00eddio, a [&hellip;]<\/p>\n","protected":false},"author":2,"featured_media":8633,"comment_status":"open","ping_status":"open","sticky":false,"template":"","format":"standard","meta":{"footnotes":""},"categories":[5],"tags":[],"class_list":["post-8632","post","type-post","status-publish","format-standard","has-post-thumbnail","hentry","category-noticias"],"wpmagazine_modules_lite_featured_media_urls":{"thumbnail":["https:\/\/radioclubedeinhapim.com.br\/wp-content\/uploads\/2026\/01\/Copia-de-Inserir-um-subtitulo-42-150x150.jpg",150,150,true],"cvmm-medium":["https:\/\/radioclubedeinhapim.com.br\/wp-content\/uploads\/2026\/01\/Copia-de-Inserir-um-subtitulo-42-300x300.jpg",300,300,true],"cvmm-medium-plus":["https:\/\/radioclubedeinhapim.com.br\/wp-content\/uploads\/2026\/01\/Copia-de-Inserir-um-subtitulo-42-305x207.jpg",305,207,true],"cvmm-portrait":["https:\/\/radioclubedeinhapim.com.br\/wp-content\/uploads\/2026\/01\/Copia-de-Inserir-um-subtitulo-42-400x600.jpg",400,600,true],"cvmm-medium-square":["https:\/\/radioclubedeinhapim.com.br\/wp-content\/uploads\/2026\/01\/Copia-de-Inserir-um-subtitulo-42-600x600.jpg",600,600,true],"cvmm-large":["https:\/\/radioclubedeinhapim.com.br\/wp-content\/uploads\/2026\/01\/Copia-de-Inserir-um-subtitulo-42-1024x1024.jpg",1024,1024,true],"cvmm-small":["https:\/\/radioclubedeinhapim.com.br\/wp-content\/uploads\/2026\/01\/Copia-de-Inserir-um-subtitulo-42-130x95.jpg",130,95,true],"full":["https:\/\/radioclubedeinhapim.com.br\/wp-content\/uploads\/2026\/01\/Copia-de-Inserir-um-subtitulo-42.jpg",1080,1080,false]},"categories_names":{"5":{"name":"Not\u00edcias","link":"https:\/\/radioclubedeinhapim.com.br\/index.php\/category\/noticias\/"}},"tags_names":[],"comments_number":"0","_links":{"self":[{"href":"https:\/\/radioclubedeinhapim.com.br\/index.php\/wp-json\/wp\/v2\/posts\/8632","targetHints":{"allow":["GET"]}}],"collection":[{"href":"https:\/\/radioclubedeinhapim.com.br\/index.php\/wp-json\/wp\/v2\/posts"}],"about":[{"href":"https:\/\/radioclubedeinhapim.com.br\/index.php\/wp-json\/wp\/v2\/types\/post"}],"author":[{"embeddable":true,"href":"https:\/\/radioclubedeinhapim.com.br\/index.php\/wp-json\/wp\/v2\/users\/2"}],"replies":[{"embeddable":true,"href":"https:\/\/radioclubedeinhapim.com.br\/index.php\/wp-json\/wp\/v2\/comments?post=8632"}],"version-history":[{"count":1,"href":"https:\/\/radioclubedeinhapim.com.br\/index.php\/wp-json\/wp\/v2\/posts\/8632\/revisions"}],"predecessor-version":[{"id":8634,"href":"https:\/\/radioclubedeinhapim.com.br\/index.php\/wp-json\/wp\/v2\/posts\/8632\/revisions\/8634"}],"wp:featuredmedia":[{"embeddable":true,"href":"https:\/\/radioclubedeinhapim.com.br\/index.php\/wp-json\/wp\/v2\/media\/8633"}],"wp:attachment":[{"href":"https:\/\/radioclubedeinhapim.com.br\/index.php\/wp-json\/wp\/v2\/media?parent=8632"}],"wp:term":[{"taxonomy":"category","embeddable":true,"href":"https:\/\/radioclubedeinhapim.com.br\/index.php\/wp-json\/wp\/v2\/categories?post=8632"},{"taxonomy":"post_tag","embeddable":true,"href":"https:\/\/radioclubedeinhapim.com.br\/index.php\/wp-json\/wp\/v2\/tags?post=8632"}],"curies":[{"name":"wp","href":"https:\/\/api.w.org\/{rel}","templated":true}]}}