{"id":8644,"date":"2026-01-19T10:53:21","date_gmt":"2026-01-19T13:53:21","guid":{"rendered":"https:\/\/radioclubedeinhapim.com.br\/?p=8644"},"modified":"2026-01-19T10:53:21","modified_gmt":"2026-01-19T13:53:21","slug":"policia-militar-desarticula-dupla-envolvida-em-roubos-na-regiao-de-ubaporanga","status":"publish","type":"post","link":"https:\/\/radioclubedeinhapim.com.br\/index.php\/2026\/01\/19\/policia-militar-desarticula-dupla-envolvida-em-roubos-na-regiao-de-ubaporanga\/","title":{"rendered":"POL\u00cdCIA MILITAR DESARTICULA DUPLA ENVOLVIDA EM ROUBOS NA REGI\u00c3O DE UBAPORANGA"},"content":{"rendered":"\n<p>A Pol\u00edcia Militar de Minas Gerais por meio do 62\u00ba BPM prendeu dois indiv\u00edduos na noite deste domingo (18\/01), no munic\u00edpio de Ubaporanga, ap\u00f3s a pr\u00e1tica de roubo a transeunte no Centro da cidade.<\/p>\n\n\n\n<p>A ocorr\u00eancia foi registrada na Rua Marques Pereira, onde a v\u00edtima relatou ter sido abordada por dois indiv\u00edduos em uma motocicleta de cor escura. Durante a a\u00e7\u00e3o criminosa, um dos autores, portando um rev\u00f3lver, anunciou o assalto e, mediante grave amea\u00e7a, subtraiu um cord\u00e3o de ouro, fugindo em seguida sentido \u00e0 BR-116, com destino \u00e0 cidade de Caratinga.<\/p>\n\n\n\n<p>De posse das informa\u00e7\u00f5es, as equipes policiais iniciaram rastreamento imediato e conseguiram visualizar a motocicleta com os suspeitos j\u00e1 na BR-116, sendo iniciado acompanhamento com acionamento de apoio para cerco e bloqueio. Durante a fuga, nas proximidades da UNEC III, o passageiro da motocicleta arremessou ao solo o cord\u00e3o de ouro, produto do roubo.<\/p>\n\n\n\n<p>Posteriormente, nas imedia\u00e7\u00f5es do Parque de Exposi\u00e7\u00f5es, os militares lograram \u00eaxito em abordar a motocicleta. No momento da abordagem, o garupa lan\u00e7ou uma arma de fogo em uma \u00e1rea de mata pr\u00f3xima. Ap\u00f3s buscas no local, os militares localizaram e apreenderam o rev\u00f3lver utilizado no crime, bem como recuperaram o cord\u00e3o subtra\u00eddo.<\/p>\n\n\n\n<p>Os dois autores, de 18 e 19 anos, foram presos em flagrante. A motocicleta utilizada na a\u00e7\u00e3o criminosa foi apreendida e removida. Os envolvidos, juntamente com os materiais apreendidos, foram encaminhados ilesos \u00e0 Delegacia de Pol\u00edcia Civil de Caratinga.<\/p>\n\n\n\n<p>Ressalta-se que os autores s\u00e3o suspeitos de envolvimento em outros roubos ocorridos recentemente em Ubaporanga e em Caratinga, com caracter\u00edsticas semelhantes quanto ao modo de agir, informa\u00e7\u00f5es que foram registradas para apura\u00e7\u00e3o pela Pol\u00edcia Civil.<\/p>\n\n\n\n<p>Materiais apreendidos:<\/p>\n\n\n\n<p>\u2022 01 cord\u00e3o de ouro (recuperado);<\/p>\n\n\n\n<p>\u2022 01 rev\u00f3lver calibre .32;<\/p>\n\n\n\n<p>\u2022 05 muni\u00e7\u00f5es calibre .32;<\/p>\n\n\n\n<p>\u2022 01 aparelho celular.<\/p>\n\n\n\n<p>Ve\u00edculo apreendido:<\/p>\n\n\n\n<p>\u2022 01 motocicleta Honda\/Fazer, cor preta.<\/p>\n\n\n\n<p>Assessoria de Comunica\u00e7\u00e3o Organizacional do 62\u00ba BPM<\/p>\n","protected":false},"excerpt":{"rendered":"<p>A Pol\u00edcia Militar de Minas Gerais por meio do 62\u00ba BPM prendeu dois indiv\u00edduos na noite deste domingo (18\/01), no munic\u00edpio de Ubaporanga, ap\u00f3s a pr\u00e1tica de roubo a transeunte no Centro da cidade. A ocorr\u00eancia foi registrada na Rua Marques Pereira, onde a v\u00edtima relatou ter sido abordada por dois indiv\u00edduos em uma motocicleta [&hellip;]<\/p>\n","protected":false},"author":2,"featured_media":8645,"comment_status":"open","ping_status":"open","sticky":false,"template":"","format":"standard","meta":{"footnotes":""},"categories":[5],"tags":[],"class_list":["post-8644","post","type-post","status-publish","format-standard","has-post-thumbnail","hentry","category-noticias"],"wpmagazine_modules_lite_featured_media_urls":{"thumbnail":["https:\/\/radioclubedeinhapim.com.br\/wp-content\/uploads\/2026\/01\/Copia-de-Inserir-um-subtitulo-46-150x150.jpg",150,150,true],"cvmm-medium":["https:\/\/radioclubedeinhapim.com.br\/wp-content\/uploads\/2026\/01\/Copia-de-Inserir-um-subtitulo-46-300x300.jpg",300,300,true],"cvmm-medium-plus":["https:\/\/radioclubedeinhapim.com.br\/wp-content\/uploads\/2026\/01\/Copia-de-Inserir-um-subtitulo-46-305x207.jpg",305,207,true],"cvmm-portrait":["https:\/\/radioclubedeinhapim.com.br\/wp-content\/uploads\/2026\/01\/Copia-de-Inserir-um-subtitulo-46-400x600.jpg",400,600,true],"cvmm-medium-square":["https:\/\/radioclubedeinhapim.com.br\/wp-content\/uploads\/2026\/01\/Copia-de-Inserir-um-subtitulo-46-600x600.jpg",600,600,true],"cvmm-large":["https:\/\/radioclubedeinhapim.com.br\/wp-content\/uploads\/2026\/01\/Copia-de-Inserir-um-subtitulo-46-1024x1024.jpg",1024,1024,true],"cvmm-small":["https:\/\/radioclubedeinhapim.com.br\/wp-content\/uploads\/2026\/01\/Copia-de-Inserir-um-subtitulo-46-130x95.jpg",130,95,true],"full":["https:\/\/radioclubedeinhapim.com.br\/wp-content\/uploads\/2026\/01\/Copia-de-Inserir-um-subtitulo-46.jpg",1080,1080,false]},"categories_names":{"5":{"name":"Not\u00edcias","link":"https:\/\/radioclubedeinhapim.com.br\/index.php\/category\/noticias\/"}},"tags_names":[],"comments_number":"0","_links":{"self":[{"href":"https:\/\/radioclubedeinhapim.com.br\/index.php\/wp-json\/wp\/v2\/posts\/8644","targetHints":{"allow":["GET"]}}],"collection":[{"href":"https:\/\/radioclubedeinhapim.com.br\/index.php\/wp-json\/wp\/v2\/posts"}],"about":[{"href":"https:\/\/radioclubedeinhapim.com.br\/index.php\/wp-json\/wp\/v2\/types\/post"}],"author":[{"embeddable":true,"href":"https:\/\/radioclubedeinhapim.com.br\/index.php\/wp-json\/wp\/v2\/users\/2"}],"replies":[{"embeddable":true,"href":"https:\/\/radioclubedeinhapim.com.br\/index.php\/wp-json\/wp\/v2\/comments?post=8644"}],"version-history":[{"count":1,"href":"https:\/\/radioclubedeinhapim.com.br\/index.php\/wp-json\/wp\/v2\/posts\/8644\/revisions"}],"predecessor-version":[{"id":8646,"href":"https:\/\/radioclubedeinhapim.com.br\/index.php\/wp-json\/wp\/v2\/posts\/8644\/revisions\/8646"}],"wp:featuredmedia":[{"embeddable":true,"href":"https:\/\/radioclubedeinhapim.com.br\/index.php\/wp-json\/wp\/v2\/media\/8645"}],"wp:attachment":[{"href":"https:\/\/radioclubedeinhapim.com.br\/index.php\/wp-json\/wp\/v2\/media?parent=8644"}],"wp:term":[{"taxonomy":"category","embeddable":true,"href":"https:\/\/radioclubedeinhapim.com.br\/index.php\/wp-json\/wp\/v2\/categories?post=8644"},{"taxonomy":"post_tag","embeddable":true,"href":"https:\/\/radioclubedeinhapim.com.br\/index.php\/wp-json\/wp\/v2\/tags?post=8644"}],"curies":[{"name":"wp","href":"https:\/\/api.w.org\/{rel}","templated":true}]}}