{"id":9212,"date":"2026-03-01T11:03:21","date_gmt":"2026-03-01T14:03:21","guid":{"rendered":"https:\/\/radioclubedeinhapim.com.br\/?p=9212"},"modified":"2026-03-01T11:03:21","modified_gmt":"2026-03-01T14:03:21","slug":"papa-leao-xiv-envia-mensagem-de-apoio-a-vitimas-das-chuvas-em-minas-gerais","status":"publish","type":"post","link":"https:\/\/radioclubedeinhapim.com.br\/index.php\/2026\/03\/01\/papa-leao-xiv-envia-mensagem-de-apoio-a-vitimas-das-chuvas-em-minas-gerais\/","title":{"rendered":"Papa Le\u00e3o XIV envia mensagem de apoio a v\u00edtimas das chuvas em Minas Gerais"},"content":{"rendered":"\n<p>O Papa Le\u00e3o XIV enviou uma mensagem de apoio aos mineiros v\u00edtimas das fortes chuvas que atingiram a regi\u00e3o da Zona da Mata. A fala ocorreu durante apari\u00e7\u00e3o do l\u00edder religioso neste domingo (1\u00ba), na janela do Pal\u00e1cio Apost\u00f3lico, na Pra\u00e7a S\u00e3o Pedro, no Vaticano.<\/p>\n\n\n\n<p>No momento em que se direcionava a milhares de fi\u00e9is que acompanhavam a leitura do Evangelho neste segundo domingo de Quaresma, o Papa citou a trag\u00e9dia e desejou for\u00e7a \u00e0s v\u00edtimas e equipes de resgate.<\/p>\n\n\n\n<p>&#8220;Estou pr\u00f3ximo da popula\u00e7\u00e3o do estado de Minas Gerais, atingida por violentas inunda\u00e7\u00f5es. Rezo pelas v\u00edtimas, pelas fam\u00edlias que perderam suas casas e por todos os envolvidos nos esfor\u00e7os de socorro&#8221;, declarou o Papa Le\u00e3o 14.<\/p>\n\n\n\n<p>No momento em que o Papa citava a trag\u00e9dia em Minas Gerais, brasileiros acompanhavam o discurso e carregavam a bandeira do pa\u00eds na Pra\u00e7a S\u00e3o Pedro.<\/p>\n\n\n\n<p>O \u00faltimo balan\u00e7o das for\u00e7as de seguran\u00e7a indica 72 mortes em decorr\u00eancia das fortes chuvas na Zona da Mata mineira, sendo 65 em Juiz de Fora, onde as buscas j\u00e1 foram encerradas, e sete em Ub\u00e1, cidade vizinha atingida por enchentes.<\/p>\n\n\n\n<p>Os trabalhos de resgate se concentram na localiza\u00e7\u00e3o da \u00faltima v\u00edtima desaparecida em Ub\u00e1, que foi arrastada pela for\u00e7a da \u00e1gua na \u00faltima segunda-feira. Bombeiros refor\u00e7aram as equipes e utilizam drones, al\u00e9m vasculhar um raio de 6 km, ap\u00f3s o ponto desaparecimento, para encontrar a v\u00edtima.<\/p>\n\n\n\n<p>A defesa civil nacional reconheceu estado de calamidade nas cidades atingidas pelo temporal.<\/p>\n","protected":false},"excerpt":{"rendered":"<p>O Papa Le\u00e3o XIV enviou uma mensagem de apoio aos mineiros v\u00edtimas das fortes chuvas que atingiram a regi\u00e3o da Zona da Mata. A fala ocorreu durante apari\u00e7\u00e3o do l\u00edder religioso neste domingo (1\u00ba), na janela do Pal\u00e1cio Apost\u00f3lico, na Pra\u00e7a S\u00e3o Pedro, no Vaticano. No momento em que se direcionava a milhares de fi\u00e9is [&hellip;]<\/p>\n","protected":false},"author":2,"featured_media":9213,"comment_status":"open","ping_status":"open","sticky":false,"template":"","format":"standard","meta":{"footnotes":""},"categories":[5],"tags":[],"class_list":["post-9212","post","type-post","status-publish","format-standard","has-post-thumbnail","hentry","category-noticias"],"wpmagazine_modules_lite_featured_media_urls":{"thumbnail":["https:\/\/radioclubedeinhapim.com.br\/wp-content\/uploads\/2026\/03\/Copia-de-Inserir-um-subtitulo-150x150.jpg",150,150,true],"cvmm-medium":["https:\/\/radioclubedeinhapim.com.br\/wp-content\/uploads\/2026\/03\/Copia-de-Inserir-um-subtitulo-300x300.jpg",300,300,true],"cvmm-medium-plus":["https:\/\/radioclubedeinhapim.com.br\/wp-content\/uploads\/2026\/03\/Copia-de-Inserir-um-subtitulo-305x207.jpg",305,207,true],"cvmm-portrait":["https:\/\/radioclubedeinhapim.com.br\/wp-content\/uploads\/2026\/03\/Copia-de-Inserir-um-subtitulo-400x600.jpg",400,600,true],"cvmm-medium-square":["https:\/\/radioclubedeinhapim.com.br\/wp-content\/uploads\/2026\/03\/Copia-de-Inserir-um-subtitulo-600x600.jpg",600,600,true],"cvmm-large":["https:\/\/radioclubedeinhapim.com.br\/wp-content\/uploads\/2026\/03\/Copia-de-Inserir-um-subtitulo-1024x1024.jpg",1024,1024,true],"cvmm-small":["https:\/\/radioclubedeinhapim.com.br\/wp-content\/uploads\/2026\/03\/Copia-de-Inserir-um-subtitulo-130x95.jpg",130,95,true],"full":["https:\/\/radioclubedeinhapim.com.br\/wp-content\/uploads\/2026\/03\/Copia-de-Inserir-um-subtitulo.jpg",1080,1080,false]},"categories_names":{"5":{"name":"Not\u00edcias","link":"https:\/\/radioclubedeinhapim.com.br\/index.php\/category\/noticias\/"}},"tags_names":[],"comments_number":"0","_links":{"self":[{"href":"https:\/\/radioclubedeinhapim.com.br\/index.php\/wp-json\/wp\/v2\/posts\/9212","targetHints":{"allow":["GET"]}}],"collection":[{"href":"https:\/\/radioclubedeinhapim.com.br\/index.php\/wp-json\/wp\/v2\/posts"}],"about":[{"href":"https:\/\/radioclubedeinhapim.com.br\/index.php\/wp-json\/wp\/v2\/types\/post"}],"author":[{"embeddable":true,"href":"https:\/\/radioclubedeinhapim.com.br\/index.php\/wp-json\/wp\/v2\/users\/2"}],"replies":[{"embeddable":true,"href":"https:\/\/radioclubedeinhapim.com.br\/index.php\/wp-json\/wp\/v2\/comments?post=9212"}],"version-history":[{"count":1,"href":"https:\/\/radioclubedeinhapim.com.br\/index.php\/wp-json\/wp\/v2\/posts\/9212\/revisions"}],"predecessor-version":[{"id":9214,"href":"https:\/\/radioclubedeinhapim.com.br\/index.php\/wp-json\/wp\/v2\/posts\/9212\/revisions\/9214"}],"wp:featuredmedia":[{"embeddable":true,"href":"https:\/\/radioclubedeinhapim.com.br\/index.php\/wp-json\/wp\/v2\/media\/9213"}],"wp:attachment":[{"href":"https:\/\/radioclubedeinhapim.com.br\/index.php\/wp-json\/wp\/v2\/media?parent=9212"}],"wp:term":[{"taxonomy":"category","embeddable":true,"href":"https:\/\/radioclubedeinhapim.com.br\/index.php\/wp-json\/wp\/v2\/categories?post=9212"},{"taxonomy":"post_tag","embeddable":true,"href":"https:\/\/radioclubedeinhapim.com.br\/index.php\/wp-json\/wp\/v2\/tags?post=9212"}],"curies":[{"name":"wp","href":"https:\/\/api.w.org\/{rel}","templated":true}]}}