{"id":9220,"date":"2026-03-02T12:36:57","date_gmt":"2026-03-02T15:36:57","guid":{"rendered":"https:\/\/radioclubedeinhapim.com.br\/?p=9220"},"modified":"2026-03-02T12:36:57","modified_gmt":"2026-03-02T15:36:57","slug":"jovem-morre-carbonizado-apos-carro-bater-em-poste-e-pegar-fogo-na-br-381-em-ipatinga","status":"publish","type":"post","link":"https:\/\/radioclubedeinhapim.com.br\/index.php\/2026\/03\/02\/jovem-morre-carbonizado-apos-carro-bater-em-poste-e-pegar-fogo-na-br-381-em-ipatinga\/","title":{"rendered":"Jovem morre carbonizado ap\u00f3s carro bater em poste e pegar fogo na BR-381, em Ipatinga"},"content":{"rendered":"\n<p>Um jovem morreu ap\u00f3s um acidente no trecho urbano da BR-381 nesse domingo (1), no bairro Ferrovi\u00e1rios, em Ipatinga. Segundo o Corpo de Bombeiros, Pedro Ant\u00f4nio Lopes, de 23 anos, morreu carbonizado ap\u00f3s o carro em que estava bater contra um poste de ilumina\u00e7\u00e3o e pegar fogo.<\/p>\n\n\n\n<p>Ainda de acordo com os bombeiros, a corpora\u00e7\u00e3o foi acionada pelo 193 para atender a um inc\u00eandio em ve\u00edculo automotor. No local, as equipes encontraram o carro em chamas ap\u00f3s a colis\u00e3o contra o poste, no sentido bairro Horto.<\/p>\n\n\n\n<p>Ap\u00f3s avalia\u00e7\u00e3o da cena e ado\u00e7\u00e3o das medidas de seguran\u00e7a, os militares montaram duas linhas de ataque direto e realizaram o combate at\u00e9 a completa extin\u00e7\u00e3o do inc\u00eandio. Durante o trabalho de rescaldo, foi constatada a presen\u00e7a de um corpo carbonizado no interior do autom\u00f3vel.<\/p>\n\n\n\n<p>Tr\u00eas ocupantes conseguiram sair do ve\u00edculo com a ajuda de terceiros antes que o fogo se alastrasse. Eles foram socorridos por unidades de resgate do Corpo de Bombeiros, pelo Servi\u00e7o de Atendimento M\u00f3vel de Urg\u00eancia (USA) e por uma ambul\u00e2ncia da concession\u00e1ria Nova 381, sendo encaminhados ao Hospital M\u00e1rcio Cunha, onde permaneceram sob cuidados m\u00e9dicos.<\/p>\n\n\n\n<p>Tamb\u00e9m estiveram na ocorr\u00eancia equipes da Pol\u00edcia Militar, da per\u00edcia t\u00e9cnica, da concession\u00e1ria Nova 381, da Companhia Energ\u00e9tica de Minas Gerais (Cemig), al\u00e9m de funer\u00e1ria de plant\u00e3o e servi\u00e7o de guincho. Ap\u00f3s a conclus\u00e3o dos trabalhos, o local ficou sob responsabilidade dos \u00f3rg\u00e3os competentes.<\/p>\n","protected":false},"excerpt":{"rendered":"<p>Um jovem morreu ap\u00f3s um acidente no trecho urbano da BR-381 nesse domingo (1), no bairro Ferrovi\u00e1rios, em Ipatinga. Segundo o Corpo de Bombeiros, Pedro Ant\u00f4nio Lopes, de 23 anos, morreu carbonizado ap\u00f3s o carro em que estava bater contra um poste de ilumina\u00e7\u00e3o e pegar fogo. Ainda de acordo com os bombeiros, a corpora\u00e7\u00e3o [&hellip;]<\/p>\n","protected":false},"author":2,"featured_media":9221,"comment_status":"open","ping_status":"open","sticky":false,"template":"","format":"standard","meta":{"footnotes":""},"categories":[5],"tags":[],"class_list":["post-9220","post","type-post","status-publish","format-standard","has-post-thumbnail","hentry","category-noticias"],"wpmagazine_modules_lite_featured_media_urls":{"thumbnail":["https:\/\/radioclubedeinhapim.com.br\/wp-content\/uploads\/2026\/03\/Copia-de-Inserir-um-subtitulo-2026-03-02T123825.624-150x150.jpg",150,150,true],"cvmm-medium":["https:\/\/radioclubedeinhapim.com.br\/wp-content\/uploads\/2026\/03\/Copia-de-Inserir-um-subtitulo-2026-03-02T123825.624-300x300.jpg",300,300,true],"cvmm-medium-plus":["https:\/\/radioclubedeinhapim.com.br\/wp-content\/uploads\/2026\/03\/Copia-de-Inserir-um-subtitulo-2026-03-02T123825.624-305x207.jpg",305,207,true],"cvmm-portrait":["https:\/\/radioclubedeinhapim.com.br\/wp-content\/uploads\/2026\/03\/Copia-de-Inserir-um-subtitulo-2026-03-02T123825.624-400x600.jpg",400,600,true],"cvmm-medium-square":["https:\/\/radioclubedeinhapim.com.br\/wp-content\/uploads\/2026\/03\/Copia-de-Inserir-um-subtitulo-2026-03-02T123825.624-600x600.jpg",600,600,true],"cvmm-large":["https:\/\/radioclubedeinhapim.com.br\/wp-content\/uploads\/2026\/03\/Copia-de-Inserir-um-subtitulo-2026-03-02T123825.624-1024x1024.jpg",1024,1024,true],"cvmm-small":["https:\/\/radioclubedeinhapim.com.br\/wp-content\/uploads\/2026\/03\/Copia-de-Inserir-um-subtitulo-2026-03-02T123825.624-130x95.jpg",130,95,true],"full":["https:\/\/radioclubedeinhapim.com.br\/wp-content\/uploads\/2026\/03\/Copia-de-Inserir-um-subtitulo-2026-03-02T123825.624.jpg",1080,1080,false]},"categories_names":{"5":{"name":"Not\u00edcias","link":"https:\/\/radioclubedeinhapim.com.br\/index.php\/category\/noticias\/"}},"tags_names":[],"comments_number":"0","_links":{"self":[{"href":"https:\/\/radioclubedeinhapim.com.br\/index.php\/wp-json\/wp\/v2\/posts\/9220","targetHints":{"allow":["GET"]}}],"collection":[{"href":"https:\/\/radioclubedeinhapim.com.br\/index.php\/wp-json\/wp\/v2\/posts"}],"about":[{"href":"https:\/\/radioclubedeinhapim.com.br\/index.php\/wp-json\/wp\/v2\/types\/post"}],"author":[{"embeddable":true,"href":"https:\/\/radioclubedeinhapim.com.br\/index.php\/wp-json\/wp\/v2\/users\/2"}],"replies":[{"embeddable":true,"href":"https:\/\/radioclubedeinhapim.com.br\/index.php\/wp-json\/wp\/v2\/comments?post=9220"}],"version-history":[{"count":1,"href":"https:\/\/radioclubedeinhapim.com.br\/index.php\/wp-json\/wp\/v2\/posts\/9220\/revisions"}],"predecessor-version":[{"id":9222,"href":"https:\/\/radioclubedeinhapim.com.br\/index.php\/wp-json\/wp\/v2\/posts\/9220\/revisions\/9222"}],"wp:featuredmedia":[{"embeddable":true,"href":"https:\/\/radioclubedeinhapim.com.br\/index.php\/wp-json\/wp\/v2\/media\/9221"}],"wp:attachment":[{"href":"https:\/\/radioclubedeinhapim.com.br\/index.php\/wp-json\/wp\/v2\/media?parent=9220"}],"wp:term":[{"taxonomy":"category","embeddable":true,"href":"https:\/\/radioclubedeinhapim.com.br\/index.php\/wp-json\/wp\/v2\/categories?post=9220"},{"taxonomy":"post_tag","embeddable":true,"href":"https:\/\/radioclubedeinhapim.com.br\/index.php\/wp-json\/wp\/v2\/tags?post=9220"}],"curies":[{"name":"wp","href":"https:\/\/api.w.org\/{rel}","templated":true}]}}