{"id":9235,"date":"2026-03-03T11:54:33","date_gmt":"2026-03-03T14:54:33","guid":{"rendered":"https:\/\/radioclubedeinhapim.com.br\/?p=9235"},"modified":"2026-03-03T11:54:33","modified_gmt":"2026-03-03T14:54:33","slug":"homem-e-condenado-a-30-anos-de-reclusao-por-matar-a-esposa-em-santo-antonio-do-grama","status":"publish","type":"post","link":"https:\/\/radioclubedeinhapim.com.br\/index.php\/2026\/03\/03\/homem-e-condenado-a-30-anos-de-reclusao-por-matar-a-esposa-em-santo-antonio-do-grama\/","title":{"rendered":"Homem \u00e9 condenado a 30 anos de reclus\u00e3o por matar a esposa em Santo Ant\u00f4nio do Grama"},"content":{"rendered":"\n<p>Um homem foi condenado a 30 anos de reclus\u00e3o pelo assassinato da esposa, ocorrido em abril de 2025, em Santo Ant\u00f4nio do Grama, na Zona da Mata. O julgamento foi realizado na \u00faltima sexta-feira, dia 27 de fevereiro, no Tribunal do J\u00fari de Rio Casca, e contou com a atua\u00e7\u00e3o do promotor de Justi\u00e7a Guilherme Lincoln Rocha Pereira.<\/p>\n\n\n\n<p>A senten\u00e7a, que condenou o homem por feminic\u00eddio, determinou ainda o imediato in\u00edcio da execu\u00e7\u00e3o da pena, a ser cumprida, inicialmente, em regime fechado.<\/p>\n\n\n\n<p>Conforme narrado pela den\u00fancia, na madrugada de 7 de abril de 2025, na zona rural de Santo Ant\u00f4nio do Grama, o homem condenado usou uma cavadeira para golpear a esposa e, em seguida, mediante estrangulamento, causou a sua morte. Posteriormente, colocou uma corda no pesco\u00e7o da mulher para simular que ela tivesse cometido suic\u00eddio.<\/p>\n\n\n\n<p>A den\u00fancia ressalta que a v\u00edtima era portadora de esclerose m\u00faltipla e diabetes, doen\u00e7as degenerativas que acarretam vulnerabilidade f\u00edsica e mental. Uma per\u00edcia m\u00e9dica apontou que a causa da morte foi asfixia.<\/p>\n\n\n\n<p>MPMG<\/p>\n","protected":false},"excerpt":{"rendered":"<p>Um homem foi condenado a 30 anos de reclus\u00e3o pelo assassinato da esposa, ocorrido em abril de 2025, em Santo Ant\u00f4nio do Grama, na Zona da Mata. O julgamento foi realizado na \u00faltima sexta-feira, dia 27 de fevereiro, no Tribunal do J\u00fari de Rio Casca, e contou com a atua\u00e7\u00e3o do promotor de Justi\u00e7a Guilherme [&hellip;]<\/p>\n","protected":false},"author":2,"featured_media":9236,"comment_status":"open","ping_status":"open","sticky":false,"template":"","format":"standard","meta":{"footnotes":""},"categories":[5],"tags":[],"class_list":["post-9235","post","type-post","status-publish","format-standard","has-post-thumbnail","hentry","category-noticias"],"wpmagazine_modules_lite_featured_media_urls":{"thumbnail":["https:\/\/radioclubedeinhapim.com.br\/wp-content\/uploads\/2026\/03\/Copia-de-Inserir-um-subtitulo-2026-03-02T160305.899-150x150.jpg",150,150,true],"cvmm-medium":["https:\/\/radioclubedeinhapim.com.br\/wp-content\/uploads\/2026\/03\/Copia-de-Inserir-um-subtitulo-2026-03-02T160305.899-300x300.jpg",300,300,true],"cvmm-medium-plus":["https:\/\/radioclubedeinhapim.com.br\/wp-content\/uploads\/2026\/03\/Copia-de-Inserir-um-subtitulo-2026-03-02T160305.899-305x207.jpg",305,207,true],"cvmm-portrait":["https:\/\/radioclubedeinhapim.com.br\/wp-content\/uploads\/2026\/03\/Copia-de-Inserir-um-subtitulo-2026-03-02T160305.899-400x600.jpg",400,600,true],"cvmm-medium-square":["https:\/\/radioclubedeinhapim.com.br\/wp-content\/uploads\/2026\/03\/Copia-de-Inserir-um-subtitulo-2026-03-02T160305.899-600x600.jpg",600,600,true],"cvmm-large":["https:\/\/radioclubedeinhapim.com.br\/wp-content\/uploads\/2026\/03\/Copia-de-Inserir-um-subtitulo-2026-03-02T160305.899-1024x1024.jpg",1024,1024,true],"cvmm-small":["https:\/\/radioclubedeinhapim.com.br\/wp-content\/uploads\/2026\/03\/Copia-de-Inserir-um-subtitulo-2026-03-02T160305.899-130x95.jpg",130,95,true],"full":["https:\/\/radioclubedeinhapim.com.br\/wp-content\/uploads\/2026\/03\/Copia-de-Inserir-um-subtitulo-2026-03-02T160305.899.jpg",1080,1080,false]},"categories_names":{"5":{"name":"Not\u00edcias","link":"https:\/\/radioclubedeinhapim.com.br\/index.php\/category\/noticias\/"}},"tags_names":[],"comments_number":"0","_links":{"self":[{"href":"https:\/\/radioclubedeinhapim.com.br\/index.php\/wp-json\/wp\/v2\/posts\/9235","targetHints":{"allow":["GET"]}}],"collection":[{"href":"https:\/\/radioclubedeinhapim.com.br\/index.php\/wp-json\/wp\/v2\/posts"}],"about":[{"href":"https:\/\/radioclubedeinhapim.com.br\/index.php\/wp-json\/wp\/v2\/types\/post"}],"author":[{"embeddable":true,"href":"https:\/\/radioclubedeinhapim.com.br\/index.php\/wp-json\/wp\/v2\/users\/2"}],"replies":[{"embeddable":true,"href":"https:\/\/radioclubedeinhapim.com.br\/index.php\/wp-json\/wp\/v2\/comments?post=9235"}],"version-history":[{"count":1,"href":"https:\/\/radioclubedeinhapim.com.br\/index.php\/wp-json\/wp\/v2\/posts\/9235\/revisions"}],"predecessor-version":[{"id":9237,"href":"https:\/\/radioclubedeinhapim.com.br\/index.php\/wp-json\/wp\/v2\/posts\/9235\/revisions\/9237"}],"wp:featuredmedia":[{"embeddable":true,"href":"https:\/\/radioclubedeinhapim.com.br\/index.php\/wp-json\/wp\/v2\/media\/9236"}],"wp:attachment":[{"href":"https:\/\/radioclubedeinhapim.com.br\/index.php\/wp-json\/wp\/v2\/media?parent=9235"}],"wp:term":[{"taxonomy":"category","embeddable":true,"href":"https:\/\/radioclubedeinhapim.com.br\/index.php\/wp-json\/wp\/v2\/categories?post=9235"},{"taxonomy":"post_tag","embeddable":true,"href":"https:\/\/radioclubedeinhapim.com.br\/index.php\/wp-json\/wp\/v2\/tags?post=9235"}],"curies":[{"name":"wp","href":"https:\/\/api.w.org\/{rel}","templated":true}]}}