{"id":9269,"date":"2026-03-04T12:37:57","date_gmt":"2026-03-04T15:37:57","guid":{"rendered":"https:\/\/radioclubedeinhapim.com.br\/?p=9269"},"modified":"2026-03-04T12:38:12","modified_gmt":"2026-03-04T15:38:12","slug":"denunciado-por-matar-homem-a-pedradas-em-2005-em-dom-cavati-e-preso-em-colatina-es","status":"publish","type":"post","link":"https:\/\/radioclubedeinhapim.com.br\/index.php\/2026\/03\/04\/denunciado-por-matar-homem-a-pedradas-em-2005-em-dom-cavati-e-preso-em-colatina-es\/","title":{"rendered":"DENUNCIADO POR MATAR HOMEM A PEDRADAS EM 2005 EM DOM CAVATI, \u00c9 PRESO EM COLATINA\/ES"},"content":{"rendered":"\n<p>O Minist\u00e9rio P\u00fablico do Estado de Minas Gerais (MPMG) informou a pris\u00e3o de um homem de 47 anos, denunciado por homic\u00eddio qualificado cometido em 2005, no munic\u00edpio de Dom Cavati. Ele foi localizado na cidade de Colatina, no Esp\u00edrito Santo, onde estava foragido da Justi\u00e7a e com mandado de pris\u00e3o em aberto.<\/p>\n\n\n\n<p>Segundo o MPMG, foi instaurado Procedimento Administrativo para acompanhar e fiscalizar o cumprimento da ordem judicial. O \u00f3rg\u00e3o realizou dilig\u00eancias, levantamentos de poss\u00edveis endere\u00e7os no Esp\u00edrito Santo e expediu of\u00edcios \u00e0s for\u00e7as de seguran\u00e7a locais, a fim de viabilizar o cumprimento do mandado.<\/p>\n\n\n\n<p>A pris\u00e3o ocorreu durante patrulhamento da Pol\u00edcia Militar em Colatina. Ap\u00f3s receberem informa\u00e7\u00f5es sobre a presen\u00e7a de um homem com mandado em aberto nas proximidades, os militares foram ao local indicado e abordaram o suspeito. Durante a consulta aos sistemas, foi confirmada a exist\u00eancia da ordem judicial em desfavor de homem. Ele recebeu voz de pris\u00e3o, foi conduzido \u00e0 delegacia e encaminhado \u00e0 unidade policial competente para as provid\u00eancias legais.<\/p>\n\n\n\n<p>De acordo com a den\u00fancia do Minist\u00e9rio P\u00fablico, o crime ocorreu em 27 de setembro de 2005, por volta das 8h15, na Rua Luiz Gonzaga, bairro S\u00e3o Paulo, em Dom Cavati. Conforme apurado, o denunciado aguardou a v\u00edtima, Osvaldo Gon\u00e7alves Ferreira, de 38 anos, que seguia para o trabalho, e a atingiu com uma pedrada na cabe\u00e7a. Mesmo ap\u00f3s a queda, ele teria lan\u00e7ado outras pedras, sendo contido por uma testemunha.<\/p>\n\n\n\n<p>A v\u00edtima foi socorrida e submetida a cirurgia, mas morreu dias depois em raz\u00e3o de traumatismo craniano. Segundo o MPMG, o crime foi motivado por raz\u00e3o f\u00fatil, relacionada \u00e0 suspeita de coment\u00e1rios feitos pela v\u00edtima. O acusado responde por homic\u00eddio qualificado.<\/p>\n\n\n\n<p><\/p>\n","protected":false},"excerpt":{"rendered":"<p>O Minist\u00e9rio P\u00fablico do Estado de Minas Gerais (MPMG) informou a pris\u00e3o de um homem de 47 anos, denunciado por homic\u00eddio qualificado cometido em 2005, no munic\u00edpio de Dom Cavati. Ele foi localizado na cidade de Colatina, no Esp\u00edrito Santo, onde estava foragido da Justi\u00e7a e com mandado de pris\u00e3o em aberto. Segundo o MPMG, [&hellip;]<\/p>\n","protected":false},"author":2,"featured_media":9270,"comment_status":"open","ping_status":"open","sticky":false,"template":"","format":"standard","meta":{"footnotes":""},"categories":[5],"tags":[],"class_list":["post-9269","post","type-post","status-publish","format-standard","has-post-thumbnail","hentry","category-noticias"],"wpmagazine_modules_lite_featured_media_urls":{"thumbnail":["https:\/\/radioclubedeinhapim.com.br\/wp-content\/uploads\/2026\/03\/Copia-de-Inserir-um-subtitulo-2026-03-04T112001.237-150x150.jpg",150,150,true],"cvmm-medium":["https:\/\/radioclubedeinhapim.com.br\/wp-content\/uploads\/2026\/03\/Copia-de-Inserir-um-subtitulo-2026-03-04T112001.237-300x300.jpg",300,300,true],"cvmm-medium-plus":["https:\/\/radioclubedeinhapim.com.br\/wp-content\/uploads\/2026\/03\/Copia-de-Inserir-um-subtitulo-2026-03-04T112001.237-305x207.jpg",305,207,true],"cvmm-portrait":["https:\/\/radioclubedeinhapim.com.br\/wp-content\/uploads\/2026\/03\/Copia-de-Inserir-um-subtitulo-2026-03-04T112001.237-400x600.jpg",400,600,true],"cvmm-medium-square":["https:\/\/radioclubedeinhapim.com.br\/wp-content\/uploads\/2026\/03\/Copia-de-Inserir-um-subtitulo-2026-03-04T112001.237-600x600.jpg",600,600,true],"cvmm-large":["https:\/\/radioclubedeinhapim.com.br\/wp-content\/uploads\/2026\/03\/Copia-de-Inserir-um-subtitulo-2026-03-04T112001.237-1024x1024.jpg",1024,1024,true],"cvmm-small":["https:\/\/radioclubedeinhapim.com.br\/wp-content\/uploads\/2026\/03\/Copia-de-Inserir-um-subtitulo-2026-03-04T112001.237-130x95.jpg",130,95,true],"full":["https:\/\/radioclubedeinhapim.com.br\/wp-content\/uploads\/2026\/03\/Copia-de-Inserir-um-subtitulo-2026-03-04T112001.237.jpg",1080,1080,false]},"categories_names":{"5":{"name":"Not\u00edcias","link":"https:\/\/radioclubedeinhapim.com.br\/index.php\/category\/noticias\/"}},"tags_names":[],"comments_number":"0","_links":{"self":[{"href":"https:\/\/radioclubedeinhapim.com.br\/index.php\/wp-json\/wp\/v2\/posts\/9269","targetHints":{"allow":["GET"]}}],"collection":[{"href":"https:\/\/radioclubedeinhapim.com.br\/index.php\/wp-json\/wp\/v2\/posts"}],"about":[{"href":"https:\/\/radioclubedeinhapim.com.br\/index.php\/wp-json\/wp\/v2\/types\/post"}],"author":[{"embeddable":true,"href":"https:\/\/radioclubedeinhapim.com.br\/index.php\/wp-json\/wp\/v2\/users\/2"}],"replies":[{"embeddable":true,"href":"https:\/\/radioclubedeinhapim.com.br\/index.php\/wp-json\/wp\/v2\/comments?post=9269"}],"version-history":[{"count":2,"href":"https:\/\/radioclubedeinhapim.com.br\/index.php\/wp-json\/wp\/v2\/posts\/9269\/revisions"}],"predecessor-version":[{"id":9272,"href":"https:\/\/radioclubedeinhapim.com.br\/index.php\/wp-json\/wp\/v2\/posts\/9269\/revisions\/9272"}],"wp:featuredmedia":[{"embeddable":true,"href":"https:\/\/radioclubedeinhapim.com.br\/index.php\/wp-json\/wp\/v2\/media\/9270"}],"wp:attachment":[{"href":"https:\/\/radioclubedeinhapim.com.br\/index.php\/wp-json\/wp\/v2\/media?parent=9269"}],"wp:term":[{"taxonomy":"category","embeddable":true,"href":"https:\/\/radioclubedeinhapim.com.br\/index.php\/wp-json\/wp\/v2\/categories?post=9269"},{"taxonomy":"post_tag","embeddable":true,"href":"https:\/\/radioclubedeinhapim.com.br\/index.php\/wp-json\/wp\/v2\/tags?post=9269"}],"curies":[{"name":"wp","href":"https:\/\/api.w.org\/{rel}","templated":true}]}}