{"id":9299,"date":"2026-03-05T15:06:41","date_gmt":"2026-03-05T18:06:41","guid":{"rendered":"https:\/\/radioclubedeinhapim.com.br\/?p=9299"},"modified":"2026-03-05T15:06:41","modified_gmt":"2026-03-05T18:06:41","slug":"desabamento-em-mendes-pimentel-no-leste-de-mg-deixa-mortos-e-feridos","status":"publish","type":"post","link":"https:\/\/radioclubedeinhapim.com.br\/index.php\/2026\/03\/05\/desabamento-em-mendes-pimentel-no-leste-de-mg-deixa-mortos-e-feridos\/","title":{"rendered":"Desabamento em Mendes Pimentel, no Leste de MG, deixa mortos e feridos"},"content":{"rendered":"\n<p>Duas casas desabaram na madrugada desta quinta-feira (5) no Centro de Mendes Pimentel, no Leste de Minas Gerais. De acordo com informa\u00e7\u00f5es das autoridades, os im\u00f3veis cederam por volta de 00h30, mobilizando equipes de resgate durante toda a madrugada.<\/p>\n\n\n\n<p>At\u00e9 o momento, tr\u00eas mortes foram confirmadas: Marcelo Clemente, a esposa dele, K\u00e9sia Cristina, e o filho deles, Estev\u00e3o Clemente, de 7 anos.<\/p>\n\n\n\n<p>O Corpo de Bombeiros informou que as buscas foram encerradas no local.<\/p>\n\n\n\n<p>Segundo a prefeitura, havia outras pessoas no local no momento do desabamento. Duas delas ficaram feridas e foram socorridas para hospitais de Governador Valadares e Mantena. At\u00e9 a \u00faltima atualiza\u00e7\u00e3o desta reportagem, n\u00e3o havia informa\u00e7\u00f5es sobre o estado de sa\u00fade das v\u00edtimas.<\/p>\n\n\n\n<p>Equipes do Corpo de Bombeiros, Pol\u00edcia Militar, Defesa Civil e da prefeitura atuaram no atendimento da ocorr\u00eancia e nos trabalhos de busca entre os escombros.<\/p>\n\n\n\n<p>As causas do desabamento ainda ser\u00e3o investigadas. As autoridades aguardam a realiza\u00e7\u00e3o da per\u00edcia t\u00e9cnica no local.<\/p>\n","protected":false},"excerpt":{"rendered":"<p>Duas casas desabaram na madrugada desta quinta-feira (5) no Centro de Mendes Pimentel, no Leste de Minas Gerais. De acordo com informa\u00e7\u00f5es das autoridades, os im\u00f3veis cederam por volta de 00h30, mobilizando equipes de resgate durante toda a madrugada. At\u00e9 o momento, tr\u00eas mortes foram confirmadas: Marcelo Clemente, a esposa dele, K\u00e9sia Cristina, e o [&hellip;]<\/p>\n","protected":false},"author":2,"featured_media":9300,"comment_status":"open","ping_status":"open","sticky":false,"template":"","format":"standard","meta":{"footnotes":""},"categories":[5],"tags":[],"class_list":["post-9299","post","type-post","status-publish","format-standard","has-post-thumbnail","hentry","category-noticias"],"wpmagazine_modules_lite_featured_media_urls":{"thumbnail":["https:\/\/radioclubedeinhapim.com.br\/wp-content\/uploads\/2026\/03\/2-150x150.jpg",150,150,true],"cvmm-medium":["https:\/\/radioclubedeinhapim.com.br\/wp-content\/uploads\/2026\/03\/2-300x300.jpg",300,300,true],"cvmm-medium-plus":["https:\/\/radioclubedeinhapim.com.br\/wp-content\/uploads\/2026\/03\/2-305x207.jpg",305,207,true],"cvmm-portrait":["https:\/\/radioclubedeinhapim.com.br\/wp-content\/uploads\/2026\/03\/2-400x600.jpg",400,600,true],"cvmm-medium-square":["https:\/\/radioclubedeinhapim.com.br\/wp-content\/uploads\/2026\/03\/2-600x600.jpg",600,600,true],"cvmm-large":["https:\/\/radioclubedeinhapim.com.br\/wp-content\/uploads\/2026\/03\/2-1024x1024.jpg",1024,1024,true],"cvmm-small":["https:\/\/radioclubedeinhapim.com.br\/wp-content\/uploads\/2026\/03\/2-130x95.jpg",130,95,true],"full":["https:\/\/radioclubedeinhapim.com.br\/wp-content\/uploads\/2026\/03\/2.jpg",1080,1080,false]},"categories_names":{"5":{"name":"Not\u00edcias","link":"https:\/\/radioclubedeinhapim.com.br\/index.php\/category\/noticias\/"}},"tags_names":[],"comments_number":"0","_links":{"self":[{"href":"https:\/\/radioclubedeinhapim.com.br\/index.php\/wp-json\/wp\/v2\/posts\/9299","targetHints":{"allow":["GET"]}}],"collection":[{"href":"https:\/\/radioclubedeinhapim.com.br\/index.php\/wp-json\/wp\/v2\/posts"}],"about":[{"href":"https:\/\/radioclubedeinhapim.com.br\/index.php\/wp-json\/wp\/v2\/types\/post"}],"author":[{"embeddable":true,"href":"https:\/\/radioclubedeinhapim.com.br\/index.php\/wp-json\/wp\/v2\/users\/2"}],"replies":[{"embeddable":true,"href":"https:\/\/radioclubedeinhapim.com.br\/index.php\/wp-json\/wp\/v2\/comments?post=9299"}],"version-history":[{"count":1,"href":"https:\/\/radioclubedeinhapim.com.br\/index.php\/wp-json\/wp\/v2\/posts\/9299\/revisions"}],"predecessor-version":[{"id":9301,"href":"https:\/\/radioclubedeinhapim.com.br\/index.php\/wp-json\/wp\/v2\/posts\/9299\/revisions\/9301"}],"wp:featuredmedia":[{"embeddable":true,"href":"https:\/\/radioclubedeinhapim.com.br\/index.php\/wp-json\/wp\/v2\/media\/9300"}],"wp:attachment":[{"href":"https:\/\/radioclubedeinhapim.com.br\/index.php\/wp-json\/wp\/v2\/media?parent=9299"}],"wp:term":[{"taxonomy":"category","embeddable":true,"href":"https:\/\/radioclubedeinhapim.com.br\/index.php\/wp-json\/wp\/v2\/categories?post=9299"},{"taxonomy":"post_tag","embeddable":true,"href":"https:\/\/radioclubedeinhapim.com.br\/index.php\/wp-json\/wp\/v2\/tags?post=9299"}],"curies":[{"name":"wp","href":"https:\/\/api.w.org\/{rel}","templated":true}]}}