{"id":9302,"date":"2026-03-05T15:08:01","date_gmt":"2026-03-05T18:08:01","guid":{"rendered":"https:\/\/radioclubedeinhapim.com.br\/?p=9302"},"modified":"2026-03-05T15:08:01","modified_gmt":"2026-03-05T18:08:01","slug":"policia-militar-prende-homem-em-pocrane-por-corrupcao-ativa-posse-irregular-de-arma-de-fogo-lesao-corporal-e-ameaca","status":"publish","type":"post","link":"https:\/\/radioclubedeinhapim.com.br\/index.php\/2026\/03\/05\/policia-militar-prende-homem-em-pocrane-por-corrupcao-ativa-posse-irregular-de-arma-de-fogo-lesao-corporal-e-ameaca\/","title":{"rendered":"POL\u00cdCIA MILITAR PRENDE HOMEM EM POCRANE POR CORRUP\u00c7\u00c3O ATIVA, POSSE IRREGULAR DE ARMA DE FOGO, LES\u00c3O CORPORAL E AMEA\u00c7A"},"content":{"rendered":"\n<p>Na tarde desta quarta-feira (04\/03), a Pol\u00edcia Militar de Minas Gerais por meio do Destacamento de Pocrane realizou a pris\u00e3o de um homem de 63 anos no C\u00f3rrego do Para\u00edso, zona rural do munic\u00edpio de Pocrane, pelos crimes de corrup\u00e7\u00e3o ativa, posse irregular de arma de fogo de uso permitido, les\u00e3o corporal e amea\u00e7a.<\/p>\n\n\n\n<p>A ocorr\u00eancia policial teve in\u00edcio ap\u00f3s acionamento da v\u00edtima, um homem de 31 anos, que relatou ter sido agredido com golpes de fac\u00e3o pelo autor enquanto ambos trabalhavam em uma lavoura de caf\u00e9, ap\u00f3s um desentendimento.<\/p>\n\n\n\n<p>Os militares deslocaram-se at\u00e9 a resid\u00eancia do suspeito, onde foi realizada a abordagem e dada voz de pris\u00e3o. Durante buscas no interior do im\u00f3vel, foi localizada, debaixo da cama do autor, uma espingarda adaptada para o calibre .32, al\u00e9m de uma caixa contendo diversas muni\u00e7\u00f5es do mesmo calibre e alguns cartuchos deflagrados.<\/p>\n\n\n\n<p>Ao ser conduzido at\u00e9 a viatura policial, j\u00e1 no compartimento de transporte, o autor chamou os militares e ofereceu um \u201cagrado\u201d. Questionado sobre o que seria, ele afirmou tratar-se de uma quantia em dinheiro para que n\u00e3o fosse conduzido, sugerindo que a situa\u00e7\u00e3o ficasse apenas entre ele e os policiais. Diante da tentativa de suborno, o homem recebeu tamb\u00e9m voz de pris\u00e3o pelo crime de corrup\u00e7\u00e3o ativa.<\/p>\n\n\n\n<p>Durante a ocorr\u00eancia, a irm\u00e3 do autor acompanhou os trabalhos policiais e relatou aos militares que seu irm\u00e3o vinha apresentando comportamento agressivo recentemente, afirmando ainda que tamb\u00e9m teria sido amea\u00e7ada por ele.<\/p>\n\n\n\n<p>O autor foi conduzido \u00e0 Delegacia de Pol\u00edcia Civil em Caratinga para as provid\u00eancias legais cab\u00edveis.<\/p>\n\n\n\n<p>Materiais apreendidos:<br>\u2022 01 espingarda calibre .32;<br>\u2022 27 muni\u00e7\u00f5es calibre .32;<br>\u2022 04 cartuchos deflagrados calibre .32;<br>\u2022 04 fac\u00f5es.<\/p>\n\n\n\n<p>Ag\u00eancia Local de Comunica\u00e7\u00e3o Organizacional do 62\u00ba BPM<\/p>\n","protected":false},"excerpt":{"rendered":"<p>Na tarde desta quarta-feira (04\/03), a Pol\u00edcia Militar de Minas Gerais por meio do Destacamento de Pocrane realizou a pris\u00e3o de um homem de 63 anos no C\u00f3rrego do Para\u00edso, zona rural do munic\u00edpio de Pocrane, pelos crimes de corrup\u00e7\u00e3o ativa, posse irregular de arma de fogo de uso permitido, les\u00e3o corporal e amea\u00e7a. A [&hellip;]<\/p>\n","protected":false},"author":2,"featured_media":9303,"comment_status":"open","ping_status":"open","sticky":false,"template":"","format":"standard","meta":{"footnotes":""},"categories":[5],"tags":[],"class_list":["post-9302","post","type-post","status-publish","format-standard","has-post-thumbnail","hentry","category-noticias"],"wpmagazine_modules_lite_featured_media_urls":{"thumbnail":["https:\/\/radioclubedeinhapim.com.br\/wp-content\/uploads\/2026\/03\/3-150x150.jpg",150,150,true],"cvmm-medium":["https:\/\/radioclubedeinhapim.com.br\/wp-content\/uploads\/2026\/03\/3-300x300.jpg",300,300,true],"cvmm-medium-plus":["https:\/\/radioclubedeinhapim.com.br\/wp-content\/uploads\/2026\/03\/3-305x207.jpg",305,207,true],"cvmm-portrait":["https:\/\/radioclubedeinhapim.com.br\/wp-content\/uploads\/2026\/03\/3-400x600.jpg",400,600,true],"cvmm-medium-square":["https:\/\/radioclubedeinhapim.com.br\/wp-content\/uploads\/2026\/03\/3-600x600.jpg",600,600,true],"cvmm-large":["https:\/\/radioclubedeinhapim.com.br\/wp-content\/uploads\/2026\/03\/3-1024x1024.jpg",1024,1024,true],"cvmm-small":["https:\/\/radioclubedeinhapim.com.br\/wp-content\/uploads\/2026\/03\/3-130x95.jpg",130,95,true],"full":["https:\/\/radioclubedeinhapim.com.br\/wp-content\/uploads\/2026\/03\/3.jpg",1080,1080,false]},"categories_names":{"5":{"name":"Not\u00edcias","link":"https:\/\/radioclubedeinhapim.com.br\/index.php\/category\/noticias\/"}},"tags_names":[],"comments_number":"0","_links":{"self":[{"href":"https:\/\/radioclubedeinhapim.com.br\/index.php\/wp-json\/wp\/v2\/posts\/9302","targetHints":{"allow":["GET"]}}],"collection":[{"href":"https:\/\/radioclubedeinhapim.com.br\/index.php\/wp-json\/wp\/v2\/posts"}],"about":[{"href":"https:\/\/radioclubedeinhapim.com.br\/index.php\/wp-json\/wp\/v2\/types\/post"}],"author":[{"embeddable":true,"href":"https:\/\/radioclubedeinhapim.com.br\/index.php\/wp-json\/wp\/v2\/users\/2"}],"replies":[{"embeddable":true,"href":"https:\/\/radioclubedeinhapim.com.br\/index.php\/wp-json\/wp\/v2\/comments?post=9302"}],"version-history":[{"count":1,"href":"https:\/\/radioclubedeinhapim.com.br\/index.php\/wp-json\/wp\/v2\/posts\/9302\/revisions"}],"predecessor-version":[{"id":9304,"href":"https:\/\/radioclubedeinhapim.com.br\/index.php\/wp-json\/wp\/v2\/posts\/9302\/revisions\/9304"}],"wp:featuredmedia":[{"embeddable":true,"href":"https:\/\/radioclubedeinhapim.com.br\/index.php\/wp-json\/wp\/v2\/media\/9303"}],"wp:attachment":[{"href":"https:\/\/radioclubedeinhapim.com.br\/index.php\/wp-json\/wp\/v2\/media?parent=9302"}],"wp:term":[{"taxonomy":"category","embeddable":true,"href":"https:\/\/radioclubedeinhapim.com.br\/index.php\/wp-json\/wp\/v2\/categories?post=9302"},{"taxonomy":"post_tag","embeddable":true,"href":"https:\/\/radioclubedeinhapim.com.br\/index.php\/wp-json\/wp\/v2\/tags?post=9302"}],"curies":[{"name":"wp","href":"https:\/\/api.w.org\/{rel}","templated":true}]}}