{"id":9309,"date":"2026-03-05T15:11:04","date_gmt":"2026-03-05T18:11:04","guid":{"rendered":"https:\/\/radioclubedeinhapim.com.br\/?p=9309"},"modified":"2026-03-05T15:11:04","modified_gmt":"2026-03-05T18:11:04","slug":"policia-militar-prende-autor-por-trafico-de-drogas-em-ipanema","status":"publish","type":"post","link":"https:\/\/radioclubedeinhapim.com.br\/index.php\/2026\/03\/05\/policia-militar-prende-autor-por-trafico-de-drogas-em-ipanema\/","title":{"rendered":"POL\u00cdCIA MILITAR PRENDE AUTOR POR TR\u00c1FICO DE DROGAS EM IPANEMA"},"content":{"rendered":"\n<p>Na tarde do dia 04 de mar\u00e7o de 2026, a Pol\u00edcia Militar de Minas Gerais por meio do Pelot\u00e3o de Ipanema prendeu um jovem de 18 anos por tr\u00e1fico de drogas durante patrulhamento preventivo no bairro Bela Vista, no munic\u00edpio de Ipanema.<\/p>\n\n\n\n<p>Uma Equipe da Pol\u00edcia Militar deparou com o jovem de 18 anos, em via p\u00fablica. Ao perceber a presen\u00e7a da viatura, o indiv\u00edduo alterou bruscamente seu trajeto, atitude que levantou fundada suspeita, uma vez que ele \u00e9 conhecido no meio policial por envolvimento em ocorr\u00eancias relacionadas ao tr\u00e1fico de drogas.<\/p>\n\n\n\n<p>Diante da situa\u00e7\u00e3o, foi dada ordem de parada para realiza\u00e7\u00e3o de busca pessoal, momento em que o autor tentou fugir correndo. Ele foi alcan\u00e7ado e contido pelos militares.<\/p>\n\n\n\n<p>Durante a abordagem, o suspeito arremessou um objeto na via p\u00fablica. Ap\u00f3s verifica\u00e7\u00e3o, constatou-se tratar de cinco pedras de subst\u00e2ncia semelhante ao crack.<\/p>\n\n\n\n<p>Na busca pessoal, os militares localizaram ainda um aparelho celular e a quantia de R$ 139,00 em dinheiro.<\/p>\n\n\n\n<p>Diante dos fatos, o autor foi preso em flagrante pelo crime de tr\u00e1fico de drogas. Ele foi conduzido para a Delegacia de Pol\u00edcia Civil de plant\u00e3o em Caratinga.<\/p>\n\n\n\n<p>Materiais apreendidos:<br>\u2022 05 pedras de subst\u00e2ncia an\u00e1loga ao crack;<br>\u2022 01 aparelho celular;<br>\u2022 R$ 139,00 em moeda corrente.<\/p>\n\n\n\n<p>*62\u00ba BPM<\/p>\n","protected":false},"excerpt":{"rendered":"<p>Na tarde do dia 04 de mar\u00e7o de 2026, a Pol\u00edcia Militar de Minas Gerais por meio do Pelot\u00e3o de Ipanema prendeu um jovem de 18 anos por tr\u00e1fico de drogas durante patrulhamento preventivo no bairro Bela Vista, no munic\u00edpio de Ipanema. Uma Equipe da Pol\u00edcia Militar deparou com o jovem de 18 anos, em [&hellip;]<\/p>\n","protected":false},"author":2,"featured_media":9310,"comment_status":"open","ping_status":"open","sticky":false,"template":"","format":"standard","meta":{"footnotes":""},"categories":[5],"tags":[],"class_list":["post-9309","post","type-post","status-publish","format-standard","has-post-thumbnail","hentry","category-noticias"],"wpmagazine_modules_lite_featured_media_urls":{"thumbnail":["https:\/\/radioclubedeinhapim.com.br\/wp-content\/uploads\/2026\/03\/5-150x150.jpg",150,150,true],"cvmm-medium":["https:\/\/radioclubedeinhapim.com.br\/wp-content\/uploads\/2026\/03\/5-300x300.jpg",300,300,true],"cvmm-medium-plus":["https:\/\/radioclubedeinhapim.com.br\/wp-content\/uploads\/2026\/03\/5-305x207.jpg",305,207,true],"cvmm-portrait":["https:\/\/radioclubedeinhapim.com.br\/wp-content\/uploads\/2026\/03\/5-400x600.jpg",400,600,true],"cvmm-medium-square":["https:\/\/radioclubedeinhapim.com.br\/wp-content\/uploads\/2026\/03\/5-600x600.jpg",600,600,true],"cvmm-large":["https:\/\/radioclubedeinhapim.com.br\/wp-content\/uploads\/2026\/03\/5-1024x1024.jpg",1024,1024,true],"cvmm-small":["https:\/\/radioclubedeinhapim.com.br\/wp-content\/uploads\/2026\/03\/5-130x95.jpg",130,95,true],"full":["https:\/\/radioclubedeinhapim.com.br\/wp-content\/uploads\/2026\/03\/5.jpg",1080,1080,false]},"categories_names":{"5":{"name":"Not\u00edcias","link":"https:\/\/radioclubedeinhapim.com.br\/index.php\/category\/noticias\/"}},"tags_names":[],"comments_number":"0","_links":{"self":[{"href":"https:\/\/radioclubedeinhapim.com.br\/index.php\/wp-json\/wp\/v2\/posts\/9309","targetHints":{"allow":["GET"]}}],"collection":[{"href":"https:\/\/radioclubedeinhapim.com.br\/index.php\/wp-json\/wp\/v2\/posts"}],"about":[{"href":"https:\/\/radioclubedeinhapim.com.br\/index.php\/wp-json\/wp\/v2\/types\/post"}],"author":[{"embeddable":true,"href":"https:\/\/radioclubedeinhapim.com.br\/index.php\/wp-json\/wp\/v2\/users\/2"}],"replies":[{"embeddable":true,"href":"https:\/\/radioclubedeinhapim.com.br\/index.php\/wp-json\/wp\/v2\/comments?post=9309"}],"version-history":[{"count":1,"href":"https:\/\/radioclubedeinhapim.com.br\/index.php\/wp-json\/wp\/v2\/posts\/9309\/revisions"}],"predecessor-version":[{"id":9311,"href":"https:\/\/radioclubedeinhapim.com.br\/index.php\/wp-json\/wp\/v2\/posts\/9309\/revisions\/9311"}],"wp:featuredmedia":[{"embeddable":true,"href":"https:\/\/radioclubedeinhapim.com.br\/index.php\/wp-json\/wp\/v2\/media\/9310"}],"wp:attachment":[{"href":"https:\/\/radioclubedeinhapim.com.br\/index.php\/wp-json\/wp\/v2\/media?parent=9309"}],"wp:term":[{"taxonomy":"category","embeddable":true,"href":"https:\/\/radioclubedeinhapim.com.br\/index.php\/wp-json\/wp\/v2\/categories?post=9309"},{"taxonomy":"post_tag","embeddable":true,"href":"https:\/\/radioclubedeinhapim.com.br\/index.php\/wp-json\/wp\/v2\/tags?post=9309"}],"curies":[{"name":"wp","href":"https:\/\/api.w.org\/{rel}","templated":true}]}}