{"id":9312,"date":"2026-03-05T15:12:09","date_gmt":"2026-03-05T18:12:09","guid":{"rendered":"https:\/\/radioclubedeinhapim.com.br\/?p=9312"},"modified":"2026-03-05T15:12:09","modified_gmt":"2026-03-05T18:12:09","slug":"policia-militar-prende-foragido-da-justica-em-santa-rita-de-minas","status":"publish","type":"post","link":"https:\/\/radioclubedeinhapim.com.br\/index.php\/2026\/03\/05\/policia-militar-prende-foragido-da-justica-em-santa-rita-de-minas\/","title":{"rendered":"POL\u00cdCIA MILITAR PRENDE FORAGIDO DA JUSTI\u00c7A EM SANTA RITA DE MINAS"},"content":{"rendered":"\n<p>No inicio da noite do dia 04 de mar\u00e7o de 2026, a Pol\u00edcia Militar de Minas Gerais por meio do Destacamento de Santa Rita de Minas realizou a pris\u00e3o de um homem de 35 anos com mandado de pris\u00e3o em aberto no munic\u00edpio de Santa Rita de Minas.<\/p>\n\n\n\n<p>Ap\u00f3s tomarem conhecimento da exist\u00eancia do mandado judicial, as equipes policiais militares montaram uma opera\u00e7\u00e3o com o objetivo de dar cumprimento \u00e0 ordem de pris\u00e3o.<\/p>\n\n\n\n<p>Durante a opera\u00e7\u00e3o, os militares deslocaram-se at\u00e9 o endere\u00e7o do suspeito, localizado no bairro Santo Ant\u00f4nio.<\/p>\n\n\n\n<p>Ao perceber a aproxima\u00e7\u00e3o das viaturas policiais, o homem tentou fugir descendo uma escadaria que dava acesso ao im\u00f3vel, por\u00e9m foi rapidamente alcan\u00e7ado e contido pelos militares.<\/p>\n\n\n\n<p>O autor foi informado sobre o mandado de pris\u00e3o expedido em seu desfavor, relacionado aos crimes previstos no C\u00f3digo Penal Brasileiro, incluindo les\u00e3o corporal e roubo. Em seguida, recebeu voz de pris\u00e3o por ordem judicial. Posteriormente, o homem foi conduzido \u00e0 Delegacia de Pol\u00edcia Civil para as provid\u00eancias legais cab\u00edveis.<\/p>\n\n\n\n<p>*62\u00ba BPM<\/p>\n","protected":false},"excerpt":{"rendered":"<p>No inicio da noite do dia 04 de mar\u00e7o de 2026, a Pol\u00edcia Militar de Minas Gerais por meio do Destacamento de Santa Rita de Minas realizou a pris\u00e3o de um homem de 35 anos com mandado de pris\u00e3o em aberto no munic\u00edpio de Santa Rita de Minas. Ap\u00f3s tomarem conhecimento da exist\u00eancia do mandado [&hellip;]<\/p>\n","protected":false},"author":2,"featured_media":9313,"comment_status":"open","ping_status":"open","sticky":false,"template":"","format":"standard","meta":{"footnotes":""},"categories":[5],"tags":[],"class_list":["post-9312","post","type-post","status-publish","format-standard","has-post-thumbnail","hentry","category-noticias"],"wpmagazine_modules_lite_featured_media_urls":{"thumbnail":["https:\/\/radioclubedeinhapim.com.br\/wp-content\/uploads\/2026\/03\/6-150x150.jpg",150,150,true],"cvmm-medium":["https:\/\/radioclubedeinhapim.com.br\/wp-content\/uploads\/2026\/03\/6-300x300.jpg",300,300,true],"cvmm-medium-plus":["https:\/\/radioclubedeinhapim.com.br\/wp-content\/uploads\/2026\/03\/6-305x207.jpg",305,207,true],"cvmm-portrait":["https:\/\/radioclubedeinhapim.com.br\/wp-content\/uploads\/2026\/03\/6-400x600.jpg",400,600,true],"cvmm-medium-square":["https:\/\/radioclubedeinhapim.com.br\/wp-content\/uploads\/2026\/03\/6-600x600.jpg",600,600,true],"cvmm-large":["https:\/\/radioclubedeinhapim.com.br\/wp-content\/uploads\/2026\/03\/6-1024x1024.jpg",1024,1024,true],"cvmm-small":["https:\/\/radioclubedeinhapim.com.br\/wp-content\/uploads\/2026\/03\/6-130x95.jpg",130,95,true],"full":["https:\/\/radioclubedeinhapim.com.br\/wp-content\/uploads\/2026\/03\/6.jpg",1080,1080,false]},"categories_names":{"5":{"name":"Not\u00edcias","link":"https:\/\/radioclubedeinhapim.com.br\/index.php\/category\/noticias\/"}},"tags_names":[],"comments_number":"0","_links":{"self":[{"href":"https:\/\/radioclubedeinhapim.com.br\/index.php\/wp-json\/wp\/v2\/posts\/9312","targetHints":{"allow":["GET"]}}],"collection":[{"href":"https:\/\/radioclubedeinhapim.com.br\/index.php\/wp-json\/wp\/v2\/posts"}],"about":[{"href":"https:\/\/radioclubedeinhapim.com.br\/index.php\/wp-json\/wp\/v2\/types\/post"}],"author":[{"embeddable":true,"href":"https:\/\/radioclubedeinhapim.com.br\/index.php\/wp-json\/wp\/v2\/users\/2"}],"replies":[{"embeddable":true,"href":"https:\/\/radioclubedeinhapim.com.br\/index.php\/wp-json\/wp\/v2\/comments?post=9312"}],"version-history":[{"count":1,"href":"https:\/\/radioclubedeinhapim.com.br\/index.php\/wp-json\/wp\/v2\/posts\/9312\/revisions"}],"predecessor-version":[{"id":9314,"href":"https:\/\/radioclubedeinhapim.com.br\/index.php\/wp-json\/wp\/v2\/posts\/9312\/revisions\/9314"}],"wp:featuredmedia":[{"embeddable":true,"href":"https:\/\/radioclubedeinhapim.com.br\/index.php\/wp-json\/wp\/v2\/media\/9313"}],"wp:attachment":[{"href":"https:\/\/radioclubedeinhapim.com.br\/index.php\/wp-json\/wp\/v2\/media?parent=9312"}],"wp:term":[{"taxonomy":"category","embeddable":true,"href":"https:\/\/radioclubedeinhapim.com.br\/index.php\/wp-json\/wp\/v2\/categories?post=9312"},{"taxonomy":"post_tag","embeddable":true,"href":"https:\/\/radioclubedeinhapim.com.br\/index.php\/wp-json\/wp\/v2\/tags?post=9312"}],"curies":[{"name":"wp","href":"https:\/\/api.w.org\/{rel}","templated":true}]}}