{"id":9315,"date":"2026-03-05T15:15:12","date_gmt":"2026-03-05T18:15:12","guid":{"rendered":"https:\/\/radioclubedeinhapim.com.br\/?p=9315"},"modified":"2026-03-05T15:15:12","modified_gmt":"2026-03-05T18:15:12","slug":"pcmg-prende-idoso-condenado-a-12-anos-por-estuprar-enteadas-em-caratinga","status":"publish","type":"post","link":"https:\/\/radioclubedeinhapim.com.br\/index.php\/2026\/03\/05\/pcmg-prende-idoso-condenado-a-12-anos-por-estuprar-enteadas-em-caratinga\/","title":{"rendered":"PCMG prende idoso condenado a 12 anos por estuprar enteadas em Caratinga"},"content":{"rendered":"\n<p>A Pol\u00edcia Civil de Minas Gerais (PCMG) cumpriu, nesta quarta-feira (04\/03), o mandado de pris\u00e3o de um homem de 68 anos condenado por estupro de vulner\u00e1vel. O crime foi praticado contra as enteadas do autor, que tinham seis (6) e nove (9) anos de idade \u00e0 \u00e9poca dos fatos.<\/p>\n\n\n\n<p>A pris\u00e3o, efetuada pela 2\u00aa Delegacia Regional de Pol\u00edcia Civil, ocorre ap\u00f3s a conclus\u00e3o do processo judicial que sentenciou o homem a 12 anos de reclus\u00e3o em regime inicialmente fechado. Ap\u00f3s ser localizado e detido, o suspeito foi encaminhado ao sistema prisional para o in\u00edcio do cumprimento da pena.<\/p>\n\n\n\n<p>Com essa a\u00e7\u00e3o, a PCMG refor\u00e7a seu compromisso no combate \u00e0 viol\u00eancia sexual e na prote\u00e7\u00e3o de crian\u00e7as e adolescentes.<\/p>\n\n\n\n<p>A Pol\u00edcia Civil de Minas Gerais reafirma seu compromisso com a prote\u00e7\u00e3o das v\u00edtimas, a responsabiliza\u00e7\u00e3o dos autores, o fortalecimento das a\u00e7\u00f5es de combate \u00e0 viol\u00eancia sexual e a prote\u00e7\u00e3o de crian\u00e7as e adolescentes.<\/p>\n","protected":false},"excerpt":{"rendered":"<p>A Pol\u00edcia Civil de Minas Gerais (PCMG) cumpriu, nesta quarta-feira (04\/03), o mandado de pris\u00e3o de um homem de 68 anos condenado por estupro de vulner\u00e1vel. O crime foi praticado contra as enteadas do autor, que tinham seis (6) e nove (9) anos de idade \u00e0 \u00e9poca dos fatos. A pris\u00e3o, efetuada pela 2\u00aa Delegacia [&hellip;]<\/p>\n","protected":false},"author":2,"featured_media":9316,"comment_status":"open","ping_status":"open","sticky":false,"template":"","format":"standard","meta":{"footnotes":""},"categories":[5],"tags":[],"class_list":["post-9315","post","type-post","status-publish","format-standard","has-post-thumbnail","hentry","category-noticias"],"wpmagazine_modules_lite_featured_media_urls":{"thumbnail":["https:\/\/radioclubedeinhapim.com.br\/wp-content\/uploads\/2026\/03\/7-150x150.jpg",150,150,true],"cvmm-medium":["https:\/\/radioclubedeinhapim.com.br\/wp-content\/uploads\/2026\/03\/7-300x300.jpg",300,300,true],"cvmm-medium-plus":["https:\/\/radioclubedeinhapim.com.br\/wp-content\/uploads\/2026\/03\/7-305x207.jpg",305,207,true],"cvmm-portrait":["https:\/\/radioclubedeinhapim.com.br\/wp-content\/uploads\/2026\/03\/7-400x600.jpg",400,600,true],"cvmm-medium-square":["https:\/\/radioclubedeinhapim.com.br\/wp-content\/uploads\/2026\/03\/7-600x600.jpg",600,600,true],"cvmm-large":["https:\/\/radioclubedeinhapim.com.br\/wp-content\/uploads\/2026\/03\/7-1024x1024.jpg",1024,1024,true],"cvmm-small":["https:\/\/radioclubedeinhapim.com.br\/wp-content\/uploads\/2026\/03\/7-130x95.jpg",130,95,true],"full":["https:\/\/radioclubedeinhapim.com.br\/wp-content\/uploads\/2026\/03\/7.jpg",1080,1080,false]},"categories_names":{"5":{"name":"Not\u00edcias","link":"https:\/\/radioclubedeinhapim.com.br\/index.php\/category\/noticias\/"}},"tags_names":[],"comments_number":"0","_links":{"self":[{"href":"https:\/\/radioclubedeinhapim.com.br\/index.php\/wp-json\/wp\/v2\/posts\/9315","targetHints":{"allow":["GET"]}}],"collection":[{"href":"https:\/\/radioclubedeinhapim.com.br\/index.php\/wp-json\/wp\/v2\/posts"}],"about":[{"href":"https:\/\/radioclubedeinhapim.com.br\/index.php\/wp-json\/wp\/v2\/types\/post"}],"author":[{"embeddable":true,"href":"https:\/\/radioclubedeinhapim.com.br\/index.php\/wp-json\/wp\/v2\/users\/2"}],"replies":[{"embeddable":true,"href":"https:\/\/radioclubedeinhapim.com.br\/index.php\/wp-json\/wp\/v2\/comments?post=9315"}],"version-history":[{"count":1,"href":"https:\/\/radioclubedeinhapim.com.br\/index.php\/wp-json\/wp\/v2\/posts\/9315\/revisions"}],"predecessor-version":[{"id":9317,"href":"https:\/\/radioclubedeinhapim.com.br\/index.php\/wp-json\/wp\/v2\/posts\/9315\/revisions\/9317"}],"wp:featuredmedia":[{"embeddable":true,"href":"https:\/\/radioclubedeinhapim.com.br\/index.php\/wp-json\/wp\/v2\/media\/9316"}],"wp:attachment":[{"href":"https:\/\/radioclubedeinhapim.com.br\/index.php\/wp-json\/wp\/v2\/media?parent=9315"}],"wp:term":[{"taxonomy":"category","embeddable":true,"href":"https:\/\/radioclubedeinhapim.com.br\/index.php\/wp-json\/wp\/v2\/categories?post=9315"},{"taxonomy":"post_tag","embeddable":true,"href":"https:\/\/radioclubedeinhapim.com.br\/index.php\/wp-json\/wp\/v2\/tags?post=9315"}],"curies":[{"name":"wp","href":"https:\/\/api.w.org\/{rel}","templated":true}]}}