{"id":9318,"date":"2026-03-05T15:29:08","date_gmt":"2026-03-05T18:29:08","guid":{"rendered":"https:\/\/radioclubedeinhapim.com.br\/?p=9318"},"modified":"2026-03-05T15:29:08","modified_gmt":"2026-03-05T18:29:08","slug":"mpmg-obtem-prisao-preventiva-de-investigado-por-trafico-no-municipio-de-sao-domingos-das-dores-mg","status":"publish","type":"post","link":"https:\/\/radioclubedeinhapim.com.br\/index.php\/2026\/03\/05\/mpmg-obtem-prisao-preventiva-de-investigado-por-trafico-no-municipio-de-sao-domingos-das-dores-mg\/","title":{"rendered":"MPMG obt\u00e9m pris\u00e3o preventiva de investigado por tr\u00e1fico no Municipio de S\u00e3o Domingos das Dores-MG"},"content":{"rendered":"\n<p>O Minist\u00e9rio P\u00fablico de Minas Gerais (MPMG), por meio da 2\u00aa Promotoria de Justi\u00e7a da Comarca de Inhapim, informa que foi decretada a pris\u00e3o preventiva de um homem, de 42 anos de idade, investigado pela pr\u00e1tica do crime de tr\u00e1fico il\u00edcito de drogas.<\/p>\n\n\n\n<p>Conforme apurado durante a ocorr\u00eancia policial, a materialidade do delito foi evidenciada pelo boletim de ocorr\u00eancia e pelos laudos toxicol\u00f3gicos preliminares, que atestaram a apreens\u00e3o de seis pedras de subst\u00e2ncia semelhante ao crack, tr\u00eas buchas de subst\u00e2ncia semelhante \u00e0 maconha e tr\u00eas c\u00e1psulas de subst\u00e2ncia semelhante \u00e0 coca\u00edna.<\/p>\n\n\n\n<p>De acordo com os relatos dos policiais militares respons\u00e1veis pela ocorr\u00eancia, as guarni\u00e7\u00f5es se deslocaram at\u00e9 o local ap\u00f3s reiteradas den\u00fancias de que o investigado estaria fomentando o tr\u00e1fico na regi\u00e3o. Ao perceber a aproxima\u00e7\u00e3o policial, o investigado empreendeu fuga, atravessando um c\u00f3rrego e adentrando uma \u00e1rea de mata. Ele foi localizado posteriormente a cerca de um quil\u00f4metro de sua resid\u00eancia, j\u00e1 sem a camisa que utilizava no momento inicial da abordagem.<\/p>\n\n\n\n<p>Nas proximidades do trajeto percorrido durante a fuga, os policiais localizaram uma sacola contendo as subst\u00e2ncias entorpecentes mencionadas. A tentativa de evas\u00e3o diante da presen\u00e7a policial e a localiza\u00e7\u00e3o do material il\u00edcito no trajeto percorrido constituem elementos que indicam a plausibilidade da imputa\u00e7\u00e3o criminal nesta fase inicial da investiga\u00e7\u00e3o.<\/p>\n\n\n\n<p>Tamb\u00e9m foi considerado relevante o hist\u00f3rico criminal do investigado, que \u00e9 reincidente e possui condena\u00e7\u00f5es anteriores por crimes dolosos, incluindo duas condena\u00e7\u00f5es pelo crime de tr\u00e1fico de drogas. Al\u00e9m disso, ele se encontrava em cumprimento de pena na Comarca de Inhapim, sob monitoramento por tornozeleira eletr\u00f4nica, quando ocorreu o novo fato investigado.<\/p>\n\n\n\n<p>Diante dessas circunst\u00e2ncias, foi decretada a pris\u00e3o preventiva do investigado como forma de garantia da ordem p\u00fablica, diante do fundado receio de reitera\u00e7\u00e3o delitiva e da constata\u00e7\u00e3o de que medidas cautelares diversas da pris\u00e3o se mostram insuficientes no caso concreto.<\/p>\n","protected":false},"excerpt":{"rendered":"<p>O Minist\u00e9rio P\u00fablico de Minas Gerais (MPMG), por meio da 2\u00aa Promotoria de Justi\u00e7a da Comarca de Inhapim, informa que foi decretada a pris\u00e3o preventiva de um homem, de 42 anos de idade, investigado pela pr\u00e1tica do crime de tr\u00e1fico il\u00edcito de drogas. Conforme apurado durante a ocorr\u00eancia policial, a materialidade do delito foi evidenciada [&hellip;]<\/p>\n","protected":false},"author":2,"featured_media":9319,"comment_status":"open","ping_status":"open","sticky":false,"template":"","format":"standard","meta":{"footnotes":""},"categories":[5],"tags":[],"class_list":["post-9318","post","type-post","status-publish","format-standard","has-post-thumbnail","hentry","category-noticias"],"wpmagazine_modules_lite_featured_media_urls":{"thumbnail":["https:\/\/radioclubedeinhapim.com.br\/wp-content\/uploads\/2026\/03\/8-150x150.jpg",150,150,true],"cvmm-medium":["https:\/\/radioclubedeinhapim.com.br\/wp-content\/uploads\/2026\/03\/8-300x300.jpg",300,300,true],"cvmm-medium-plus":["https:\/\/radioclubedeinhapim.com.br\/wp-content\/uploads\/2026\/03\/8-305x207.jpg",305,207,true],"cvmm-portrait":["https:\/\/radioclubedeinhapim.com.br\/wp-content\/uploads\/2026\/03\/8-400x600.jpg",400,600,true],"cvmm-medium-square":["https:\/\/radioclubedeinhapim.com.br\/wp-content\/uploads\/2026\/03\/8-600x600.jpg",600,600,true],"cvmm-large":["https:\/\/radioclubedeinhapim.com.br\/wp-content\/uploads\/2026\/03\/8-1024x1024.jpg",1024,1024,true],"cvmm-small":["https:\/\/radioclubedeinhapim.com.br\/wp-content\/uploads\/2026\/03\/8-130x95.jpg",130,95,true],"full":["https:\/\/radioclubedeinhapim.com.br\/wp-content\/uploads\/2026\/03\/8.jpg",1080,1080,false]},"categories_names":{"5":{"name":"Not\u00edcias","link":"https:\/\/radioclubedeinhapim.com.br\/index.php\/category\/noticias\/"}},"tags_names":[],"comments_number":"0","_links":{"self":[{"href":"https:\/\/radioclubedeinhapim.com.br\/index.php\/wp-json\/wp\/v2\/posts\/9318","targetHints":{"allow":["GET"]}}],"collection":[{"href":"https:\/\/radioclubedeinhapim.com.br\/index.php\/wp-json\/wp\/v2\/posts"}],"about":[{"href":"https:\/\/radioclubedeinhapim.com.br\/index.php\/wp-json\/wp\/v2\/types\/post"}],"author":[{"embeddable":true,"href":"https:\/\/radioclubedeinhapim.com.br\/index.php\/wp-json\/wp\/v2\/users\/2"}],"replies":[{"embeddable":true,"href":"https:\/\/radioclubedeinhapim.com.br\/index.php\/wp-json\/wp\/v2\/comments?post=9318"}],"version-history":[{"count":1,"href":"https:\/\/radioclubedeinhapim.com.br\/index.php\/wp-json\/wp\/v2\/posts\/9318\/revisions"}],"predecessor-version":[{"id":9320,"href":"https:\/\/radioclubedeinhapim.com.br\/index.php\/wp-json\/wp\/v2\/posts\/9318\/revisions\/9320"}],"wp:featuredmedia":[{"embeddable":true,"href":"https:\/\/radioclubedeinhapim.com.br\/index.php\/wp-json\/wp\/v2\/media\/9319"}],"wp:attachment":[{"href":"https:\/\/radioclubedeinhapim.com.br\/index.php\/wp-json\/wp\/v2\/media?parent=9318"}],"wp:term":[{"taxonomy":"category","embeddable":true,"href":"https:\/\/radioclubedeinhapim.com.br\/index.php\/wp-json\/wp\/v2\/categories?post=9318"},{"taxonomy":"post_tag","embeddable":true,"href":"https:\/\/radioclubedeinhapim.com.br\/index.php\/wp-json\/wp\/v2\/tags?post=9318"}],"curies":[{"name":"wp","href":"https:\/\/api.w.org\/{rel}","templated":true}]}}