{"id":9322,"date":"2026-03-06T12:38:59","date_gmt":"2026-03-06T15:38:59","guid":{"rendered":"https:\/\/radioclubedeinhapim.com.br\/?p=9322"},"modified":"2026-03-06T12:39:39","modified_gmt":"2026-03-06T15:39:39","slug":"foragido-da-justica-por-trafico-de-drogas-e-localizado-e-preso-pela-policia-civil-em-inhapim","status":"publish","type":"post","link":"https:\/\/radioclubedeinhapim.com.br\/index.php\/2026\/03\/06\/foragido-da-justica-por-trafico-de-drogas-e-localizado-e-preso-pela-policia-civil-em-inhapim\/","title":{"rendered":"FORAGIDO DA JUSTI\u00c7A POR TR\u00c1FICO DE DROGAS \u00c9 LOCALIZADO E PRESO PELA POL\u00cdCIA CIVIL EM INHAPIM"},"content":{"rendered":"\n<p>A Pol\u00edcia Civil de Minas Gerais (PCMG), por meio da Delegacia de Pol\u00edcia Civil de Inhapim, em trabalho conjunto com o Setor de Intelig\u00eancia do 12\u00ba Departamento de Pol\u00edcia Civil, cumpriu, nesta data, mandado de pris\u00e3o decorrente de condena\u00e7\u00e3o criminal em desfavor de um homem de 47 anos.<\/p>\n\n\n\n<p>O indiv\u00edduo foi condenado pela pr\u00e1tica do crime de tr\u00e1fico de drogas, cometido na comarca de Ipatinga. Ao final da tramita\u00e7\u00e3o do processo penal, a Justi\u00e7a fixou a pena em 6 anos e 5 meses de reclus\u00e3o, a ser cumprida em regime inicialmente fechado, sendo expedido o respectivo mandado de pris\u00e3o. Desde fevereiro de 2025, o condenado encontrava-se foragido da Justi\u00e7a.<\/p>\n\n\n\n<p>Ap\u00f3s dilig\u00eancias investigativas, os policiais civis localizaram o condenado na cidade de Inhapim, onde foi efetuada a pris\u00e3o e dado cumprimento \u00e0 ordem judicial. O preso foi conduzido \u00e0 unidade policial para os procedimentos de praxe e, posteriormente, encaminhado ao sistema prisional, onde permanecer\u00e1 \u00e0 disposi\u00e7\u00e3o da Justi\u00e7a para o cumprimento da pena.<\/p>\n\n\n\n<p>A Pol\u00edcia Civil de Minas Gerais reafirma seu compromisso com o combate ao tr\u00e1fico de drogas e com o cumprimento das decis\u00f5es judiciais, contribuindo para o fortalecimento da seguran\u00e7a p\u00fablica e da justi\u00e7a.<\/p>\n\n\n\n<p><a href=\"https:\/\/www.instagram.com\/explore\/tags\/crime\/?next=%2F\">#crime<\/a><a href=\"https:\/\/www.instagram.com\/explore\/tags\/inhapim\/?next=%2F\">#inhapim<\/a><a href=\"https:\/\/www.instagram.com\/explore\/tags\/civil\/?next=%2F\">#civil<\/a><\/p>\n","protected":false},"excerpt":{"rendered":"<p>A Pol\u00edcia Civil de Minas Gerais (PCMG), por meio da Delegacia de Pol\u00edcia Civil de Inhapim, em trabalho conjunto com o Setor de Intelig\u00eancia do 12\u00ba Departamento de Pol\u00edcia Civil, cumpriu, nesta data, mandado de pris\u00e3o decorrente de condena\u00e7\u00e3o criminal em desfavor de um homem de 47 anos. O indiv\u00edduo foi condenado pela pr\u00e1tica do [&hellip;]<\/p>\n","protected":false},"author":2,"featured_media":9325,"comment_status":"open","ping_status":"open","sticky":false,"template":"","format":"standard","meta":{"footnotes":""},"categories":[5],"tags":[],"class_list":["post-9322","post","type-post","status-publish","format-standard","has-post-thumbnail","hentry","category-noticias"],"wpmagazine_modules_lite_featured_media_urls":{"thumbnail":["https:\/\/radioclubedeinhapim.com.br\/wp-content\/uploads\/2026\/03\/646375546_1786521175680248_3944785325369753982_n-150x150.jpg",150,150,true],"cvmm-medium":["https:\/\/radioclubedeinhapim.com.br\/wp-content\/uploads\/2026\/03\/646375546_1786521175680248_3944785325369753982_n-300x300.jpg",300,300,true],"cvmm-medium-plus":["https:\/\/radioclubedeinhapim.com.br\/wp-content\/uploads\/2026\/03\/646375546_1786521175680248_3944785325369753982_n-305x207.jpg",305,207,true],"cvmm-portrait":["https:\/\/radioclubedeinhapim.com.br\/wp-content\/uploads\/2026\/03\/646375546_1786521175680248_3944785325369753982_n-400x600.jpg",400,600,true],"cvmm-medium-square":["https:\/\/radioclubedeinhapim.com.br\/wp-content\/uploads\/2026\/03\/646375546_1786521175680248_3944785325369753982_n-600x600.jpg",600,600,true],"cvmm-large":["https:\/\/radioclubedeinhapim.com.br\/wp-content\/uploads\/2026\/03\/646375546_1786521175680248_3944785325369753982_n-1024x1024.jpg",1024,1024,true],"cvmm-small":["https:\/\/radioclubedeinhapim.com.br\/wp-content\/uploads\/2026\/03\/646375546_1786521175680248_3944785325369753982_n-130x95.jpg",130,95,true],"full":["https:\/\/radioclubedeinhapim.com.br\/wp-content\/uploads\/2026\/03\/646375546_1786521175680248_3944785325369753982_n.jpg",1440,1440,false]},"categories_names":{"5":{"name":"Not\u00edcias","link":"https:\/\/radioclubedeinhapim.com.br\/index.php\/category\/noticias\/"}},"tags_names":[],"comments_number":"0","_links":{"self":[{"href":"https:\/\/radioclubedeinhapim.com.br\/index.php\/wp-json\/wp\/v2\/posts\/9322","targetHints":{"allow":["GET"]}}],"collection":[{"href":"https:\/\/radioclubedeinhapim.com.br\/index.php\/wp-json\/wp\/v2\/posts"}],"about":[{"href":"https:\/\/radioclubedeinhapim.com.br\/index.php\/wp-json\/wp\/v2\/types\/post"}],"author":[{"embeddable":true,"href":"https:\/\/radioclubedeinhapim.com.br\/index.php\/wp-json\/wp\/v2\/users\/2"}],"replies":[{"embeddable":true,"href":"https:\/\/radioclubedeinhapim.com.br\/index.php\/wp-json\/wp\/v2\/comments?post=9322"}],"version-history":[{"count":1,"href":"https:\/\/radioclubedeinhapim.com.br\/index.php\/wp-json\/wp\/v2\/posts\/9322\/revisions"}],"predecessor-version":[{"id":9324,"href":"https:\/\/radioclubedeinhapim.com.br\/index.php\/wp-json\/wp\/v2\/posts\/9322\/revisions\/9324"}],"wp:featuredmedia":[{"embeddable":true,"href":"https:\/\/radioclubedeinhapim.com.br\/index.php\/wp-json\/wp\/v2\/media\/9325"}],"wp:attachment":[{"href":"https:\/\/radioclubedeinhapim.com.br\/index.php\/wp-json\/wp\/v2\/media?parent=9322"}],"wp:term":[{"taxonomy":"category","embeddable":true,"href":"https:\/\/radioclubedeinhapim.com.br\/index.php\/wp-json\/wp\/v2\/categories?post=9322"},{"taxonomy":"post_tag","embeddable":true,"href":"https:\/\/radioclubedeinhapim.com.br\/index.php\/wp-json\/wp\/v2\/tags?post=9322"}],"curies":[{"name":"wp","href":"https:\/\/api.w.org\/{rel}","templated":true}]}}