{"id":9329,"date":"2026-03-06T12:55:30","date_gmt":"2026-03-06T15:55:30","guid":{"rendered":"https:\/\/radioclubedeinhapim.com.br\/?p=9329"},"modified":"2026-03-06T12:55:30","modified_gmt":"2026-03-06T15:55:30","slug":"ems-acerta-compra-da-medley-marca-de-remedios-genericos-da-sanofi","status":"publish","type":"post","link":"https:\/\/radioclubedeinhapim.com.br\/index.php\/2026\/03\/06\/ems-acerta-compra-da-medley-marca-de-remedios-genericos-da-sanofi\/","title":{"rendered":"EMS acerta compra da Medley, marca de rem\u00e9dios gen\u00e9ricos da Sanofi"},"content":{"rendered":"\n<p>O Grupo EMS anunciou um acordo para adquirir 100% da Medley, tradicional marca de medicamentos gen\u00e9ricos no Brasil que atualmente pertence \u00e0 farmac\u00eautica francesa Sanofi. A informa\u00e7\u00e3o foi divulgada nesta sexta-feira (6) pelas duas empresas. O valor da negocia\u00e7\u00e3o n\u00e3o foi revelado. Segundo as companhias, a opera\u00e7\u00e3o busca unir a forte presen\u00e7a da Medley no mercado nacional de gen\u00e9ricos com a capacidade industrial e produtiva do grupo brasileiro.<\/p>\n\n\n\n<p>Fundada em 1996, a Medley ganhou destaque ao oferecer medicamentos de menor custo e se consolidou como uma das principais marcas do segmento no pa\u00eds. Em 2009, a empresa foi comprada pela Sanofi por cerca de R$ 1,5 bilh\u00e3o. Atualmente, a farmac\u00eautica possui f\u00e1brica em Campinas (SP), onde produz comprimidos, c\u00e1psulas, dr\u00e1geas, l\u00edquidos, pomadas, cremes e suspens\u00f5es. A unidade emprega aproximadamente 1.800 pessoas.<\/p>\n\n\n\n<p>A venda ocorreu ap\u00f3s uma disputa que envolveu diversos laborat\u00f3rios interessados no ativo. Al\u00e9m da EMS, companhias como Sun Pharma, Hypera, Biolab e Ach\u00e9 tamb\u00e9m apresentaram propostas pela Medley.<\/p>\n\n\n\n<p>Para a EMS, a aquisi\u00e7\u00e3o deve ampliar o portf\u00f3lio de medicamentos e fortalecer ainda mais a presen\u00e7a da empresa no segmento de gen\u00e9ricos, considerado um dos principais motores de crescimento da ind\u00fastria farmac\u00eautica. Atualmente, a companhia lidera o ranking de vendas no varejo farmac\u00eautico brasileiro, superando empresas como Eurofarma, Hypera Pharma e a pr\u00f3pria Sanofi.<\/p>\n\n\n\n<p>O presidente do conselho do Grupo EMS, Carlos Sanchez, afirmou que a Medley construiu uma marca s\u00f3lida e respeitada no mercado brasileiro. Segundo ele, a aquisi\u00e7\u00e3o \u00e9 relevante tanto para a ind\u00fastria nacional quanto para a popula\u00e7\u00e3o, pois amplia o acesso a medicamentos de qualidade.<\/p>\n\n\n\n<p>A conclus\u00e3o do neg\u00f3cio ainda depende da aprova\u00e7\u00e3o do Conselho Administrativo de Defesa Econ\u00f4mica (Cade) e do cumprimento de outras exig\u00eancias regulat\u00f3rias. Atualmente, os medicamentos gen\u00e9ricos representam cerca de 40% do mercado brasileiro e movimentaram aproximadamente R$ 23 bilh\u00f5es em 2025.<\/p>\n","protected":false},"excerpt":{"rendered":"<p>O Grupo EMS anunciou um acordo para adquirir 100% da Medley, tradicional marca de medicamentos gen\u00e9ricos no Brasil que atualmente pertence \u00e0 farmac\u00eautica francesa Sanofi. A informa\u00e7\u00e3o foi divulgada nesta sexta-feira (6) pelas duas empresas. O valor da negocia\u00e7\u00e3o n\u00e3o foi revelado. Segundo as companhias, a opera\u00e7\u00e3o busca unir a forte presen\u00e7a da Medley no [&hellip;]<\/p>\n","protected":false},"author":2,"featured_media":9330,"comment_status":"open","ping_status":"open","sticky":false,"template":"","format":"standard","meta":{"footnotes":""},"categories":[5],"tags":[],"class_list":["post-9329","post","type-post","status-publish","format-standard","has-post-thumbnail","hentry","category-noticias"],"wpmagazine_modules_lite_featured_media_urls":{"thumbnail":["https:\/\/radioclubedeinhapim.com.br\/wp-content\/uploads\/2026\/03\/Copia-de-Inserir-um-subtitulo-2026-03-06T125723.086-150x150.jpg",150,150,true],"cvmm-medium":["https:\/\/radioclubedeinhapim.com.br\/wp-content\/uploads\/2026\/03\/Copia-de-Inserir-um-subtitulo-2026-03-06T125723.086-300x300.jpg",300,300,true],"cvmm-medium-plus":["https:\/\/radioclubedeinhapim.com.br\/wp-content\/uploads\/2026\/03\/Copia-de-Inserir-um-subtitulo-2026-03-06T125723.086-305x207.jpg",305,207,true],"cvmm-portrait":["https:\/\/radioclubedeinhapim.com.br\/wp-content\/uploads\/2026\/03\/Copia-de-Inserir-um-subtitulo-2026-03-06T125723.086-400x600.jpg",400,600,true],"cvmm-medium-square":["https:\/\/radioclubedeinhapim.com.br\/wp-content\/uploads\/2026\/03\/Copia-de-Inserir-um-subtitulo-2026-03-06T125723.086-600x600.jpg",600,600,true],"cvmm-large":["https:\/\/radioclubedeinhapim.com.br\/wp-content\/uploads\/2026\/03\/Copia-de-Inserir-um-subtitulo-2026-03-06T125723.086-1024x1024.jpg",1024,1024,true],"cvmm-small":["https:\/\/radioclubedeinhapim.com.br\/wp-content\/uploads\/2026\/03\/Copia-de-Inserir-um-subtitulo-2026-03-06T125723.086-130x95.jpg",130,95,true],"full":["https:\/\/radioclubedeinhapim.com.br\/wp-content\/uploads\/2026\/03\/Copia-de-Inserir-um-subtitulo-2026-03-06T125723.086.jpg",1080,1080,false]},"categories_names":{"5":{"name":"Not\u00edcias","link":"https:\/\/radioclubedeinhapim.com.br\/index.php\/category\/noticias\/"}},"tags_names":[],"comments_number":"0","_links":{"self":[{"href":"https:\/\/radioclubedeinhapim.com.br\/index.php\/wp-json\/wp\/v2\/posts\/9329","targetHints":{"allow":["GET"]}}],"collection":[{"href":"https:\/\/radioclubedeinhapim.com.br\/index.php\/wp-json\/wp\/v2\/posts"}],"about":[{"href":"https:\/\/radioclubedeinhapim.com.br\/index.php\/wp-json\/wp\/v2\/types\/post"}],"author":[{"embeddable":true,"href":"https:\/\/radioclubedeinhapim.com.br\/index.php\/wp-json\/wp\/v2\/users\/2"}],"replies":[{"embeddable":true,"href":"https:\/\/radioclubedeinhapim.com.br\/index.php\/wp-json\/wp\/v2\/comments?post=9329"}],"version-history":[{"count":1,"href":"https:\/\/radioclubedeinhapim.com.br\/index.php\/wp-json\/wp\/v2\/posts\/9329\/revisions"}],"predecessor-version":[{"id":9331,"href":"https:\/\/radioclubedeinhapim.com.br\/index.php\/wp-json\/wp\/v2\/posts\/9329\/revisions\/9331"}],"wp:featuredmedia":[{"embeddable":true,"href":"https:\/\/radioclubedeinhapim.com.br\/index.php\/wp-json\/wp\/v2\/media\/9330"}],"wp:attachment":[{"href":"https:\/\/radioclubedeinhapim.com.br\/index.php\/wp-json\/wp\/v2\/media?parent=9329"}],"wp:term":[{"taxonomy":"category","embeddable":true,"href":"https:\/\/radioclubedeinhapim.com.br\/index.php\/wp-json\/wp\/v2\/categories?post=9329"},{"taxonomy":"post_tag","embeddable":true,"href":"https:\/\/radioclubedeinhapim.com.br\/index.php\/wp-json\/wp\/v2\/tags?post=9329"}],"curies":[{"name":"wp","href":"https:\/\/api.w.org\/{rel}","templated":true}]}}