{"id":9334,"date":"2026-03-09T11:51:03","date_gmt":"2026-03-09T14:51:03","guid":{"rendered":"https:\/\/radioclubedeinhapim.com.br\/?p=9334"},"modified":"2026-03-09T11:51:03","modified_gmt":"2026-03-09T14:51:03","slug":"investigada-por-abusar-sexualmente-da-sobrinha-e-afilhada-em-mesquita-e-presa-em-ipatinga","status":"publish","type":"post","link":"https:\/\/radioclubedeinhapim.com.br\/index.php\/2026\/03\/09\/investigada-por-abusar-sexualmente-da-sobrinha-e-afilhada-em-mesquita-e-presa-em-ipatinga\/","title":{"rendered":"Investigada por abusar sexualmente da sobrinha e afilhada em Mesquita \u00e9 presa em Ipatinga"},"content":{"rendered":"\n<p>Uma mulher investigada por abusar sexualmente da sobrinha e afilhada em Mesquita foi presa preventivamente nesta sexta-feira (6) em Ipatinga.<\/p>\n\n\n\n<p>Segundo as informa\u00e7\u00f5es divulgadas pela Pol\u00edcia Civil de Minas Gerais (PCMG), os abusos ocorreram entre 2021 e 2024, na zona rural. A v\u00edtima tinha entre sete e 10 anos na \u00e9poca dos fatos.<\/p>\n\n\n\n<p>\u201cA investigada, que \u00e9 tia e madrinha da v\u00edtima, teria se aproveitado da rela\u00e7\u00e3o de confian\u00e7a para cometer diversos atos de natureza sexual contra a menina.\u201d<\/p>\n\n\n\n<p>A mulher, que atualmente tem 38 anos, n\u00e3o teve o nome revelado. O g1 n\u00e3o havia conseguido localizar a defesa dela at\u00e9 a \u00faltima atualiza\u00e7\u00e3o desta reportagem.<\/p>\n\n\n\n<p>Conforme a PCMG, no local da investiga\u00e7\u00e3o foram reunidos \u201celementos que apontam para a materialidade e autoria das condutas investigadas\u201d; entre as provas, est\u00e1 o laudo m\u00e9dico-pericial que constatou a viol\u00eancia sexual cometida.<\/p>\n\n\n\n<p>A PCMG ainda afirmou que a crian\u00e7a chegou a relatar os abusos aos familiares, mas alguns parentes \u201cpassaram a defender a suspeita e a constranger a v\u00edtima para que n\u00e3o levasse o caso ao conhecimento das autoridades, situa\u00e7\u00e3o que configura o crime de coa\u00e7\u00e3o no curso do processo.\u201d<\/p>\n","protected":false},"excerpt":{"rendered":"<p>Uma mulher investigada por abusar sexualmente da sobrinha e afilhada em Mesquita foi presa preventivamente nesta sexta-feira (6) em Ipatinga. Segundo as informa\u00e7\u00f5es divulgadas pela Pol\u00edcia Civil de Minas Gerais (PCMG), os abusos ocorreram entre 2021 e 2024, na zona rural. A v\u00edtima tinha entre sete e 10 anos na \u00e9poca dos fatos. \u201cA investigada, [&hellip;]<\/p>\n","protected":false},"author":2,"featured_media":9335,"comment_status":"open","ping_status":"open","sticky":false,"template":"","format":"standard","meta":{"footnotes":""},"categories":[5],"tags":[],"class_list":["post-9334","post","type-post","status-publish","format-standard","has-post-thumbnail","hentry","category-noticias"],"wpmagazine_modules_lite_featured_media_urls":{"thumbnail":["https:\/\/radioclubedeinhapim.com.br\/wp-content\/uploads\/2026\/03\/Copia-de-Inserir-um-subtitulo-2026-03-09T112759.545-150x150.jpg",150,150,true],"cvmm-medium":["https:\/\/radioclubedeinhapim.com.br\/wp-content\/uploads\/2026\/03\/Copia-de-Inserir-um-subtitulo-2026-03-09T112759.545-300x300.jpg",300,300,true],"cvmm-medium-plus":["https:\/\/radioclubedeinhapim.com.br\/wp-content\/uploads\/2026\/03\/Copia-de-Inserir-um-subtitulo-2026-03-09T112759.545-305x207.jpg",305,207,true],"cvmm-portrait":["https:\/\/radioclubedeinhapim.com.br\/wp-content\/uploads\/2026\/03\/Copia-de-Inserir-um-subtitulo-2026-03-09T112759.545-400x600.jpg",400,600,true],"cvmm-medium-square":["https:\/\/radioclubedeinhapim.com.br\/wp-content\/uploads\/2026\/03\/Copia-de-Inserir-um-subtitulo-2026-03-09T112759.545-600x600.jpg",600,600,true],"cvmm-large":["https:\/\/radioclubedeinhapim.com.br\/wp-content\/uploads\/2026\/03\/Copia-de-Inserir-um-subtitulo-2026-03-09T112759.545-1024x1024.jpg",1024,1024,true],"cvmm-small":["https:\/\/radioclubedeinhapim.com.br\/wp-content\/uploads\/2026\/03\/Copia-de-Inserir-um-subtitulo-2026-03-09T112759.545-130x95.jpg",130,95,true],"full":["https:\/\/radioclubedeinhapim.com.br\/wp-content\/uploads\/2026\/03\/Copia-de-Inserir-um-subtitulo-2026-03-09T112759.545.jpg",1080,1080,false]},"categories_names":{"5":{"name":"Not\u00edcias","link":"https:\/\/radioclubedeinhapim.com.br\/index.php\/category\/noticias\/"}},"tags_names":[],"comments_number":"0","_links":{"self":[{"href":"https:\/\/radioclubedeinhapim.com.br\/index.php\/wp-json\/wp\/v2\/posts\/9334","targetHints":{"allow":["GET"]}}],"collection":[{"href":"https:\/\/radioclubedeinhapim.com.br\/index.php\/wp-json\/wp\/v2\/posts"}],"about":[{"href":"https:\/\/radioclubedeinhapim.com.br\/index.php\/wp-json\/wp\/v2\/types\/post"}],"author":[{"embeddable":true,"href":"https:\/\/radioclubedeinhapim.com.br\/index.php\/wp-json\/wp\/v2\/users\/2"}],"replies":[{"embeddable":true,"href":"https:\/\/radioclubedeinhapim.com.br\/index.php\/wp-json\/wp\/v2\/comments?post=9334"}],"version-history":[{"count":1,"href":"https:\/\/radioclubedeinhapim.com.br\/index.php\/wp-json\/wp\/v2\/posts\/9334\/revisions"}],"predecessor-version":[{"id":9336,"href":"https:\/\/radioclubedeinhapim.com.br\/index.php\/wp-json\/wp\/v2\/posts\/9334\/revisions\/9336"}],"wp:featuredmedia":[{"embeddable":true,"href":"https:\/\/radioclubedeinhapim.com.br\/index.php\/wp-json\/wp\/v2\/media\/9335"}],"wp:attachment":[{"href":"https:\/\/radioclubedeinhapim.com.br\/index.php\/wp-json\/wp\/v2\/media?parent=9334"}],"wp:term":[{"taxonomy":"category","embeddable":true,"href":"https:\/\/radioclubedeinhapim.com.br\/index.php\/wp-json\/wp\/v2\/categories?post=9334"},{"taxonomy":"post_tag","embeddable":true,"href":"https:\/\/radioclubedeinhapim.com.br\/index.php\/wp-json\/wp\/v2\/tags?post=9334"}],"curies":[{"name":"wp","href":"https:\/\/api.w.org\/{rel}","templated":true}]}}