{"id":9343,"date":"2026-03-09T15:08:22","date_gmt":"2026-03-09T18:08:22","guid":{"rendered":"https:\/\/radioclubedeinhapim.com.br\/?p=9343"},"modified":"2026-03-09T15:08:22","modified_gmt":"2026-03-09T18:08:22","slug":"policial-militar-e-preso-suspeito-de-agredir-e-ameacar-ex-companheira-tambem-militar","status":"publish","type":"post","link":"https:\/\/radioclubedeinhapim.com.br\/index.php\/2026\/03\/09\/policial-militar-e-preso-suspeito-de-agredir-e-ameacar-ex-companheira-tambem-militar\/","title":{"rendered":"Policial militar \u00e9 preso suspeito de agredir e amea\u00e7ar ex-companheira, tamb\u00e9m militar"},"content":{"rendered":"\n<p>Um policial militar de 48 anos foi preso suspeito de agredir e amea\u00e7ar a ex-companheira, que tamb\u00e9m \u00e9 militar. A pris\u00e3o foi realizada em Santa Maria do Sua\u00e7u\u00ed, nesta sexta-feira (6), em uma a\u00e7\u00e3o conjunta da Corregedoria, do Servi\u00e7o de Intelig\u00eancia, da Diretoria de Opera\u00e7\u00f5es (DOP), dos 16\u00ba e 65\u00ba Batalh\u00f5es da Pol\u00edcia Militar e da 1\u00aa Companhia Independente de Preven\u00e7\u00e3o \u00e0 Viol\u00eancia Dom\u00e9stica da corpora\u00e7\u00e3o.<\/p>\n\n\n\n<p>Em nota, a Pol\u00edcia Militar informou que a v\u00edtima procurou o quartel em Santa Maria do Sua\u00e7u\u00ed relatando sofrer viol\u00eancia dom\u00e9stica por parte do ex-companheiro. Foi registrado um boletim de ocorr\u00eancia, e a militar recebeu orienta\u00e7\u00f5es para requerer medidas protetivas de urg\u00eancia.<\/p>\n\n\n\n<p>A PMMG tamb\u00e9m iniciou uma opera\u00e7\u00e3o preventiva, refor\u00e7ando o policiamento na regi\u00e3o de Santa Maria do Sua\u00e7u\u00ed, especialmente com patrulhamento intensivo nas proximidades da resid\u00eancia da fam\u00edlia da v\u00edtima.<\/p>\n\n\n\n<p>Ainda de acordo com a corpora\u00e7\u00e3o, nesta sexta-feira (6), o Ju\u00edzo da 2\u00aa Vara Criminal e de Viol\u00eancia Dom\u00e9stica da Comarca de Santa Luzia expediu um mandado de pris\u00e3o preventiva contra o policial militar, \u201ctendo em vista o risco iminente \u00e0 vida da v\u00edtima\u201d.<\/p>\n\n\n\n<p>A ordem judicial foi cumprida imediatamente pela Corpora\u00e7\u00e3o e o policial militar encontra-se \u00e0 disposi\u00e7\u00e3o da Justi\u00e7a. No momento da pris\u00e3o, os policiais realizaram buscas no ve\u00edculo utilizado pelo militar e apreenderam uma arma de fogo calibre .40, tr\u00eas carregadores, 204 muni\u00e7\u00f5es intactas e mais de R$ 4 mil em dinheiro.<\/p>\n\n\n\n<p>\u201cA Pol\u00edcia Militar de Minas Gerais reafirma seu compromisso com a legalidade, transpar\u00eancia e prote\u00e7\u00e3o \u00e0 mulher\u201d, diz um trecho da nota.<\/p>\n","protected":false},"excerpt":{"rendered":"<p>Um policial militar de 48 anos foi preso suspeito de agredir e amea\u00e7ar a ex-companheira, que tamb\u00e9m \u00e9 militar. A pris\u00e3o foi realizada em Santa Maria do Sua\u00e7u\u00ed, nesta sexta-feira (6), em uma a\u00e7\u00e3o conjunta da Corregedoria, do Servi\u00e7o de Intelig\u00eancia, da Diretoria de Opera\u00e7\u00f5es (DOP), dos 16\u00ba e 65\u00ba Batalh\u00f5es da Pol\u00edcia Militar e [&hellip;]<\/p>\n","protected":false},"author":2,"featured_media":9344,"comment_status":"open","ping_status":"open","sticky":false,"template":"","format":"standard","meta":{"footnotes":""},"categories":[5],"tags":[],"class_list":["post-9343","post","type-post","status-publish","format-standard","has-post-thumbnail","hentry","category-noticias"],"wpmagazine_modules_lite_featured_media_urls":{"thumbnail":["https:\/\/radioclubedeinhapim.com.br\/wp-content\/uploads\/2026\/03\/Copia-de-Inserir-um-subtitulo-2026-03-09T151024.979-150x150.jpg",150,150,true],"cvmm-medium":["https:\/\/radioclubedeinhapim.com.br\/wp-content\/uploads\/2026\/03\/Copia-de-Inserir-um-subtitulo-2026-03-09T151024.979-300x300.jpg",300,300,true],"cvmm-medium-plus":["https:\/\/radioclubedeinhapim.com.br\/wp-content\/uploads\/2026\/03\/Copia-de-Inserir-um-subtitulo-2026-03-09T151024.979-305x207.jpg",305,207,true],"cvmm-portrait":["https:\/\/radioclubedeinhapim.com.br\/wp-content\/uploads\/2026\/03\/Copia-de-Inserir-um-subtitulo-2026-03-09T151024.979-400x600.jpg",400,600,true],"cvmm-medium-square":["https:\/\/radioclubedeinhapim.com.br\/wp-content\/uploads\/2026\/03\/Copia-de-Inserir-um-subtitulo-2026-03-09T151024.979-600x600.jpg",600,600,true],"cvmm-large":["https:\/\/radioclubedeinhapim.com.br\/wp-content\/uploads\/2026\/03\/Copia-de-Inserir-um-subtitulo-2026-03-09T151024.979-1024x1024.jpg",1024,1024,true],"cvmm-small":["https:\/\/radioclubedeinhapim.com.br\/wp-content\/uploads\/2026\/03\/Copia-de-Inserir-um-subtitulo-2026-03-09T151024.979-130x95.jpg",130,95,true],"full":["https:\/\/radioclubedeinhapim.com.br\/wp-content\/uploads\/2026\/03\/Copia-de-Inserir-um-subtitulo-2026-03-09T151024.979.jpg",1080,1080,false]},"categories_names":{"5":{"name":"Not\u00edcias","link":"https:\/\/radioclubedeinhapim.com.br\/index.php\/category\/noticias\/"}},"tags_names":[],"comments_number":"0","_links":{"self":[{"href":"https:\/\/radioclubedeinhapim.com.br\/index.php\/wp-json\/wp\/v2\/posts\/9343","targetHints":{"allow":["GET"]}}],"collection":[{"href":"https:\/\/radioclubedeinhapim.com.br\/index.php\/wp-json\/wp\/v2\/posts"}],"about":[{"href":"https:\/\/radioclubedeinhapim.com.br\/index.php\/wp-json\/wp\/v2\/types\/post"}],"author":[{"embeddable":true,"href":"https:\/\/radioclubedeinhapim.com.br\/index.php\/wp-json\/wp\/v2\/users\/2"}],"replies":[{"embeddable":true,"href":"https:\/\/radioclubedeinhapim.com.br\/index.php\/wp-json\/wp\/v2\/comments?post=9343"}],"version-history":[{"count":1,"href":"https:\/\/radioclubedeinhapim.com.br\/index.php\/wp-json\/wp\/v2\/posts\/9343\/revisions"}],"predecessor-version":[{"id":9345,"href":"https:\/\/radioclubedeinhapim.com.br\/index.php\/wp-json\/wp\/v2\/posts\/9343\/revisions\/9345"}],"wp:featuredmedia":[{"embeddable":true,"href":"https:\/\/radioclubedeinhapim.com.br\/index.php\/wp-json\/wp\/v2\/media\/9344"}],"wp:attachment":[{"href":"https:\/\/radioclubedeinhapim.com.br\/index.php\/wp-json\/wp\/v2\/media?parent=9343"}],"wp:term":[{"taxonomy":"category","embeddable":true,"href":"https:\/\/radioclubedeinhapim.com.br\/index.php\/wp-json\/wp\/v2\/categories?post=9343"},{"taxonomy":"post_tag","embeddable":true,"href":"https:\/\/radioclubedeinhapim.com.br\/index.php\/wp-json\/wp\/v2\/tags?post=9343"}],"curies":[{"name":"wp","href":"https:\/\/api.w.org\/{rel}","templated":true}]}}