{"id":9346,"date":"2026-03-09T15:13:47","date_gmt":"2026-03-09T18:13:47","guid":{"rendered":"https:\/\/radioclubedeinhapim.com.br\/?p=9346"},"modified":"2026-03-09T15:13:47","modified_gmt":"2026-03-09T18:13:47","slug":"jovem-furta-carro-para-curtir-o-fim-de-semana-e-capota-veiculo-em-governador-valadares","status":"publish","type":"post","link":"https:\/\/radioclubedeinhapim.com.br\/index.php\/2026\/03\/09\/jovem-furta-carro-para-curtir-o-fim-de-semana-e-capota-veiculo-em-governador-valadares\/","title":{"rendered":"Jovem furta carro para &#8216;curtir o fim de semana&#8217; e capota ve\u00edculo em Governador Valadares"},"content":{"rendered":"\n<p>Um jovem de 22 anos furtou um carro que estava em uma oficina e se envolveu em um acidente na madrugada deste domingo (8), na estrada de acesso ao Pico da Ibituruna, em Governador Valadares, no Leste de Minas.<\/p>\n\n\n\n<p>De acordo com informa\u00e7\u00f5es da Pol\u00edcia Militar, o propriet\u00e1rio havia deixado o ve\u00edculo para servi\u00e7os de estofamento em uma oficina. O local abriga outras resid\u00eancias, e v\u00e1rias pessoas tinham acesso ao espa\u00e7o.<\/p>\n\n\n\n<p>A PM informou que o jovem aproveitou essa condi\u00e7\u00e3o para furtar o carro, dizendo depois que pretendia apenas \u201cdar um passeio\u201d e voltar com o ve\u00edculo.<\/p>\n\n\n\n<p>Ainda segundo os policiais, ao descer a estrada que leva ao Pico da Ibituruna, o condutor perdeu o controle em uma curva, bateu em uma \u00e1rvore e capotou. Ele deixou o local antes da chegada da pol\u00edcia.<\/p>\n\n\n\n<p>O carro foi encontrado capotado e abandonado na via. Ap\u00f3s consulta da placa, os policiais localizaram o propriet\u00e1rio, que informou que o ve\u00edculo havia sido furtado horas antes.<\/p>\n\n\n\n<p>A equipe seguiu at\u00e9 a oficina, onde encontrou o jovem. Ele confirmou o furto e declarou que havia pego o carro para usar no fim de semana, mas que perdeu o controle e sofreu o acidente. Ele n\u00e3o informou o motivo de ter fugido do local.<\/p>\n\n\n\n<p>O jovem teve atendimento m\u00e9dico, n\u00e3o apresentava les\u00f5es aparentes e foi encaminhado \u00e0 delegacia de Governador Valadares. Um celular encontrado pr\u00f3ximo ao carro foi apreendido.<\/p>\n\n\n\n<p>O ve\u00edculo, bastante danificado, foi removido por um guincho para o p\u00e1tio credenciado.<\/p>\n","protected":false},"excerpt":{"rendered":"<p>Um jovem de 22 anos furtou um carro que estava em uma oficina e se envolveu em um acidente na madrugada deste domingo (8), na estrada de acesso ao Pico da Ibituruna, em Governador Valadares, no Leste de Minas. De acordo com informa\u00e7\u00f5es da Pol\u00edcia Militar, o propriet\u00e1rio havia deixado o ve\u00edculo para servi\u00e7os de [&hellip;]<\/p>\n","protected":false},"author":2,"featured_media":9347,"comment_status":"open","ping_status":"open","sticky":false,"template":"","format":"standard","meta":{"footnotes":""},"categories":[5],"tags":[],"class_list":["post-9346","post","type-post","status-publish","format-standard","has-post-thumbnail","hentry","category-noticias"],"wpmagazine_modules_lite_featured_media_urls":{"thumbnail":["https:\/\/radioclubedeinhapim.com.br\/wp-content\/uploads\/2026\/03\/Copia-de-Inserir-um-subtitulo-2026-03-09T151533.906-150x150.jpg",150,150,true],"cvmm-medium":["https:\/\/radioclubedeinhapim.com.br\/wp-content\/uploads\/2026\/03\/Copia-de-Inserir-um-subtitulo-2026-03-09T151533.906-300x300.jpg",300,300,true],"cvmm-medium-plus":["https:\/\/radioclubedeinhapim.com.br\/wp-content\/uploads\/2026\/03\/Copia-de-Inserir-um-subtitulo-2026-03-09T151533.906-305x207.jpg",305,207,true],"cvmm-portrait":["https:\/\/radioclubedeinhapim.com.br\/wp-content\/uploads\/2026\/03\/Copia-de-Inserir-um-subtitulo-2026-03-09T151533.906-400x600.jpg",400,600,true],"cvmm-medium-square":["https:\/\/radioclubedeinhapim.com.br\/wp-content\/uploads\/2026\/03\/Copia-de-Inserir-um-subtitulo-2026-03-09T151533.906-600x600.jpg",600,600,true],"cvmm-large":["https:\/\/radioclubedeinhapim.com.br\/wp-content\/uploads\/2026\/03\/Copia-de-Inserir-um-subtitulo-2026-03-09T151533.906-1024x1024.jpg",1024,1024,true],"cvmm-small":["https:\/\/radioclubedeinhapim.com.br\/wp-content\/uploads\/2026\/03\/Copia-de-Inserir-um-subtitulo-2026-03-09T151533.906-130x95.jpg",130,95,true],"full":["https:\/\/radioclubedeinhapim.com.br\/wp-content\/uploads\/2026\/03\/Copia-de-Inserir-um-subtitulo-2026-03-09T151533.906.jpg",1080,1080,false]},"categories_names":{"5":{"name":"Not\u00edcias","link":"https:\/\/radioclubedeinhapim.com.br\/index.php\/category\/noticias\/"}},"tags_names":[],"comments_number":"0","_links":{"self":[{"href":"https:\/\/radioclubedeinhapim.com.br\/index.php\/wp-json\/wp\/v2\/posts\/9346","targetHints":{"allow":["GET"]}}],"collection":[{"href":"https:\/\/radioclubedeinhapim.com.br\/index.php\/wp-json\/wp\/v2\/posts"}],"about":[{"href":"https:\/\/radioclubedeinhapim.com.br\/index.php\/wp-json\/wp\/v2\/types\/post"}],"author":[{"embeddable":true,"href":"https:\/\/radioclubedeinhapim.com.br\/index.php\/wp-json\/wp\/v2\/users\/2"}],"replies":[{"embeddable":true,"href":"https:\/\/radioclubedeinhapim.com.br\/index.php\/wp-json\/wp\/v2\/comments?post=9346"}],"version-history":[{"count":1,"href":"https:\/\/radioclubedeinhapim.com.br\/index.php\/wp-json\/wp\/v2\/posts\/9346\/revisions"}],"predecessor-version":[{"id":9348,"href":"https:\/\/radioclubedeinhapim.com.br\/index.php\/wp-json\/wp\/v2\/posts\/9346\/revisions\/9348"}],"wp:featuredmedia":[{"embeddable":true,"href":"https:\/\/radioclubedeinhapim.com.br\/index.php\/wp-json\/wp\/v2\/media\/9347"}],"wp:attachment":[{"href":"https:\/\/radioclubedeinhapim.com.br\/index.php\/wp-json\/wp\/v2\/media?parent=9346"}],"wp:term":[{"taxonomy":"category","embeddable":true,"href":"https:\/\/radioclubedeinhapim.com.br\/index.php\/wp-json\/wp\/v2\/categories?post=9346"},{"taxonomy":"post_tag","embeddable":true,"href":"https:\/\/radioclubedeinhapim.com.br\/index.php\/wp-json\/wp\/v2\/tags?post=9346"}],"curies":[{"name":"wp","href":"https:\/\/api.w.org\/{rel}","templated":true}]}}