{"id":9349,"date":"2026-03-09T15:19:10","date_gmt":"2026-03-09T18:19:10","guid":{"rendered":"https:\/\/radioclubedeinhapim.com.br\/?p=9349"},"modified":"2026-03-09T15:19:10","modified_gmt":"2026-03-09T18:19:10","slug":"mpmg-oferece-denuncia-por-denunciacao-caluniosa-e-porte-ilegal-de-municao-em-inhapim","status":"publish","type":"post","link":"https:\/\/radioclubedeinhapim.com.br\/index.php\/2026\/03\/09\/mpmg-oferece-denuncia-por-denunciacao-caluniosa-e-porte-ilegal-de-municao-em-inhapim\/","title":{"rendered":"MPMG OFERECE DEN\u00daNCIA POR DENUNCIA\u00c7\u00c3O CALUNIOSA E PORTE ILEGAL DE MUNI\u00c7\u00c3O EM INHAPIM"},"content":{"rendered":"\n<p>O Minist\u00e9rio P\u00fablico de Minas Gerais, representado pelo Promotor de Justi\u00e7a Jonas Junio Linhares Costa Monteiro, ofereceu den\u00fancia contra um homem de 36 anos pela pr\u00e1tica dos crimes de denuncia\u00e7\u00e3o caluniosa e porte ilegal de muni\u00e7\u00e3o de uso permitido, em fatos ocorridos no dia 26 de outubro de 2023, no munic\u00edpio de Inhapim.<\/p>\n\n\n\n<p>De acordo com as investiga\u00e7\u00f5es, o denunciado, em conjunto com uma mulher, teria provocado a instaura\u00e7\u00e3o de investiga\u00e7\u00e3o policial e o ajuizamento de a\u00e7\u00e3o penal contra um homem que sabia ser inocente. Na ocasi\u00e3o, foi registrada ocorr\u00eancia na qual se afirmava que a suposta v\u00edtima teria sido amea\u00e7ada com uma muni\u00e7\u00e3o calibre .22, acompanhada da frase \u201cvoc\u00ea vai morrer com isso aqui\u201d. Em raz\u00e3o da narrativa apresentada, foi instaurado inqu\u00e9rito policial e posteriormente oferecida den\u00fancia contra o homem acusado, imputando-lhe os crimes de amea\u00e7a e porte ilegal de muni\u00e7\u00e3o.<\/p>\n\n\n\n<p>Entretanto, durante audi\u00eancia de instru\u00e7\u00e3o e julgamento realizada no processo, a mulher admitiu que havia inventado a hist\u00f3ria e que os fatos narrados jamais ocorreram. As apura\u00e7\u00f5es indicaram que a falsa vers\u00e3o havia sido previamente combinada com o denunciado, que teria instigado o registro da ocorr\u00eancia e fornecido uma muni\u00e7\u00e3o calibre .22 para tornar a narrativa mais convincente perante as autoridades.<\/p>\n\n\n\n<p>Segundo o Minist\u00e9rio P\u00fablico, a falsa acusa\u00e7\u00e3o foi motivada por desaven\u00e7as pessoais entre os envolvidos. Consta que a mulher teria se sentido ofendida por coment\u00e1rios feitos pela v\u00edtima sobre um suposto relacionamento extraconjugal, enquanto o denunciado, ex-companheiro da atual companheira da v\u00edtima, n\u00e3o aceitava o t\u00e9rmino do relacionamento e teria agido com o objetivo de prejudicar o casal.<\/p>\n\n\n\n<p>Al\u00e9m da denuncia\u00e7\u00e3o caluniosa, o denunciado tamb\u00e9m foi acusado de portar ilegalmente a muni\u00e7\u00e3o utilizada para sustentar a falsa acusa\u00e7\u00e3o, sem autoriza\u00e7\u00e3o e em desacordo com determina\u00e7\u00e3o legal.<\/p>\n\n\n\n<p>O denunciado responder\u00e1 ao processo perante a Vara Criminal da Comarca de Inhapim. Ao final da a\u00e7\u00e3o penal, caso condenado, poder\u00e1 cumprir pena pelos crimes de denuncia\u00e7\u00e3o caluniosa e porte ilegal de muni\u00e7\u00e3o de uso permitido.<\/p>\n\n\n\n<p>A atua\u00e7\u00e3o ministerial reafirma o compromisso do Minist\u00e9rio P\u00fablico com a defesa da justi\u00e7a e da legalidade, especialmente no combate a falsas acusa\u00e7\u00f5es que mobilizam indevidamente o sistema de justi\u00e7a criminal e causam graves preju\u00edzos \u00e0 honra e \u00e0 liberdade de pessoas inocentes.<\/p>\n","protected":false},"excerpt":{"rendered":"<p>O Minist\u00e9rio P\u00fablico de Minas Gerais, representado pelo Promotor de Justi\u00e7a Jonas Junio Linhares Costa Monteiro, ofereceu den\u00fancia contra um homem de 36 anos pela pr\u00e1tica dos crimes de denuncia\u00e7\u00e3o caluniosa e porte ilegal de muni\u00e7\u00e3o de uso permitido, em fatos ocorridos no dia 26 de outubro de 2023, no munic\u00edpio de Inhapim. De acordo [&hellip;]<\/p>\n","protected":false},"author":2,"featured_media":9350,"comment_status":"open","ping_status":"open","sticky":false,"template":"","format":"standard","meta":{"footnotes":""},"categories":[5],"tags":[],"class_list":["post-9349","post","type-post","status-publish","format-standard","has-post-thumbnail","hentry","category-noticias"],"wpmagazine_modules_lite_featured_media_urls":{"thumbnail":["https:\/\/radioclubedeinhapim.com.br\/wp-content\/uploads\/2026\/03\/Copia-de-Inserir-um-subtitulo-2026-03-09T151932.016-150x150.jpg",150,150,true],"cvmm-medium":["https:\/\/radioclubedeinhapim.com.br\/wp-content\/uploads\/2026\/03\/Copia-de-Inserir-um-subtitulo-2026-03-09T151932.016-300x300.jpg",300,300,true],"cvmm-medium-plus":["https:\/\/radioclubedeinhapim.com.br\/wp-content\/uploads\/2026\/03\/Copia-de-Inserir-um-subtitulo-2026-03-09T151932.016-305x207.jpg",305,207,true],"cvmm-portrait":["https:\/\/radioclubedeinhapim.com.br\/wp-content\/uploads\/2026\/03\/Copia-de-Inserir-um-subtitulo-2026-03-09T151932.016-400x600.jpg",400,600,true],"cvmm-medium-square":["https:\/\/radioclubedeinhapim.com.br\/wp-content\/uploads\/2026\/03\/Copia-de-Inserir-um-subtitulo-2026-03-09T151932.016-600x600.jpg",600,600,true],"cvmm-large":["https:\/\/radioclubedeinhapim.com.br\/wp-content\/uploads\/2026\/03\/Copia-de-Inserir-um-subtitulo-2026-03-09T151932.016-1024x1024.jpg",1024,1024,true],"cvmm-small":["https:\/\/radioclubedeinhapim.com.br\/wp-content\/uploads\/2026\/03\/Copia-de-Inserir-um-subtitulo-2026-03-09T151932.016-130x95.jpg",130,95,true],"full":["https:\/\/radioclubedeinhapim.com.br\/wp-content\/uploads\/2026\/03\/Copia-de-Inserir-um-subtitulo-2026-03-09T151932.016.jpg",1080,1080,false]},"categories_names":{"5":{"name":"Not\u00edcias","link":"https:\/\/radioclubedeinhapim.com.br\/index.php\/category\/noticias\/"}},"tags_names":[],"comments_number":"0","_links":{"self":[{"href":"https:\/\/radioclubedeinhapim.com.br\/index.php\/wp-json\/wp\/v2\/posts\/9349","targetHints":{"allow":["GET"]}}],"collection":[{"href":"https:\/\/radioclubedeinhapim.com.br\/index.php\/wp-json\/wp\/v2\/posts"}],"about":[{"href":"https:\/\/radioclubedeinhapim.com.br\/index.php\/wp-json\/wp\/v2\/types\/post"}],"author":[{"embeddable":true,"href":"https:\/\/radioclubedeinhapim.com.br\/index.php\/wp-json\/wp\/v2\/users\/2"}],"replies":[{"embeddable":true,"href":"https:\/\/radioclubedeinhapim.com.br\/index.php\/wp-json\/wp\/v2\/comments?post=9349"}],"version-history":[{"count":1,"href":"https:\/\/radioclubedeinhapim.com.br\/index.php\/wp-json\/wp\/v2\/posts\/9349\/revisions"}],"predecessor-version":[{"id":9351,"href":"https:\/\/radioclubedeinhapim.com.br\/index.php\/wp-json\/wp\/v2\/posts\/9349\/revisions\/9351"}],"wp:featuredmedia":[{"embeddable":true,"href":"https:\/\/radioclubedeinhapim.com.br\/index.php\/wp-json\/wp\/v2\/media\/9350"}],"wp:attachment":[{"href":"https:\/\/radioclubedeinhapim.com.br\/index.php\/wp-json\/wp\/v2\/media?parent=9349"}],"wp:term":[{"taxonomy":"category","embeddable":true,"href":"https:\/\/radioclubedeinhapim.com.br\/index.php\/wp-json\/wp\/v2\/categories?post=9349"},{"taxonomy":"post_tag","embeddable":true,"href":"https:\/\/radioclubedeinhapim.com.br\/index.php\/wp-json\/wp\/v2\/tags?post=9349"}],"curies":[{"name":"wp","href":"https:\/\/api.w.org\/{rel}","templated":true}]}}