{"id":9353,"date":"2026-03-10T11:20:41","date_gmt":"2026-03-10T14:20:41","guid":{"rendered":"https:\/\/radioclubedeinhapim.com.br\/?p=9353"},"modified":"2026-03-10T11:20:41","modified_gmt":"2026-03-10T14:20:41","slug":"policia-civil-realiza-operacao-e-prende-dois-suspeitos-por-crimes-distintos-em-ipanema","status":"publish","type":"post","link":"https:\/\/radioclubedeinhapim.com.br\/index.php\/2026\/03\/10\/policia-civil-realiza-operacao-e-prende-dois-suspeitos-por-crimes-distintos-em-ipanema\/","title":{"rendered":"Pol\u00edcia Civil realiza opera\u00e7\u00e3o e prende dois suspeitos por crimes distintos em Ipanema"},"content":{"rendered":"\n<p>A Pol\u00edcia Civil de Minas Gerais realizou, nesta data, opera\u00e7\u00e3o policial no munic\u00edpio de Ipanema, que resultou na pris\u00e3o de dois suspeitos investigados por crimes distintos. As a\u00e7\u00f5es foram desencadeadas no \u00e2mbito de procedimentos instaurados pela Delegacia de Pol\u00edcia Civil de Ipanema.<\/p>\n\n\n\n<p><em>Primeiro fato<\/em><\/p>\n\n\n\n<p>No primeiro caso, foi preso um homem de 33 anos, investigado por crimes praticados contra uma v\u00edtima de 56 anos, no munic\u00edpio de Ipanema.<\/p>\n\n\n\n<p>De acordo com as investiga\u00e7\u00f5es, os fatos tiveram in\u00edcio na noite de 28 de janeiro de 2026, por volta de 22h nas proximidades de um estabelecimento localizado no bairro Vilage Ipanema. Segundo apurado, o suspeito, movido por desaven\u00e7as anteriores, teria inicialmente danificado o ve\u00edculo da v\u00edtima, cortando os quatro pneus e causando outras avarias. Em seguida, teria se ocultado no interior do autom\u00f3vel e, no momento em que a v\u00edtima retornou ao local, passou a agredi-la com golpes na regi\u00e3o da cabe\u00e7a e da face, utilizando instrumento perfurocortante (faca).<\/p>\n\n\n\n<p>Ainda conforme os autos, houve um segundo epis\u00f3dio relacionado ao mesmo contexto, registrado em 11 de fevereiro de 2026, por volta de 16h, na rua Felipe dos Santos, quando o investigado teria direcionado um autom\u00f3vel contra a v\u00edtima, que transitava de bicicleta, n\u00e3o a atingindo por circunst\u00e2ncias alheias \u00e0 sua vontade.<\/p>\n\n\n\n<p>O caso foi apurado em inqu\u00e9rito policial instaurado para investiga\u00e7\u00e3o, em tese, de tentativa de homic\u00eddio qualificado, amea\u00e7a e dano qualificado. As investiga\u00e7\u00f5es deste fato j\u00e1 foram conclu\u00eddas, com indiciamento do suspeito e remessa dos autos ao Poder Judici\u00e1rio para as provid\u00eancias cab\u00edveis.<\/p>\n\n\n\n<p><em>Segundo fato<\/em><\/p>\n\n\n\n<p>No segundo caso, foi preso um homem de 43 anos, suspeito de envolvimento em crime praticado contra uma adolescente de 15 anos, em fato ocorrido na zona rural de Ipanema.<\/p>\n\n\n\n<p>Segundo os elementos j\u00e1 reunidos, o fato ocorreu em 28 de fevereiro de 2026, na localidade denominada C\u00f3rrego do Triunfo, onde o investigado teria tentado constranger a v\u00edtima, mediante viol\u00eancia ou grave amea\u00e7a, \u00e0 pr\u00e1tica de ato libidinoso. A consuma\u00e7\u00e3o n\u00e3o teria ocorrido por circunst\u00e2ncias alheias \u00e0 vontade do suspeito.<br>A Pol\u00edcia Civil instaurou inqu\u00e9rito para apura\u00e7\u00e3o do caso, em tese, como tentativa de estupro. At\u00e9 o momento, as investiga\u00e7\u00f5es n\u00e3o foram conclu\u00eddas, permanecendo o procedimento em andamento para realiza\u00e7\u00e3o das dilig\u00eancias necess\u00e1rias, oitivas e demais provid\u00eancias legais, entretanto, a pris\u00e3o cautelar do suspeito foi considerada necess\u00e1ria pela Autoridade Policial.<\/p>\n\n\n\n<p>A Pol\u00edcia Civil reafirma seu compromisso com a apura\u00e7\u00e3o rigorosa dos fatos graves, com a responsabiliza\u00e7\u00e3o criminal dos envolvidos e com a prote\u00e7\u00e3o da popula\u00e7\u00e3o, especialmente de v\u00edtimas em situa\u00e7\u00e3o de vulnerabilidade.<\/p>\n","protected":false},"excerpt":{"rendered":"<p>A Pol\u00edcia Civil de Minas Gerais realizou, nesta data, opera\u00e7\u00e3o policial no munic\u00edpio de Ipanema, que resultou na pris\u00e3o de dois suspeitos investigados por crimes distintos. As a\u00e7\u00f5es foram desencadeadas no \u00e2mbito de procedimentos instaurados pela Delegacia de Pol\u00edcia Civil de Ipanema. Primeiro fato No primeiro caso, foi preso um homem de 33 anos, investigado [&hellip;]<\/p>\n","protected":false},"author":2,"featured_media":9354,"comment_status":"open","ping_status":"open","sticky":false,"template":"","format":"standard","meta":{"footnotes":""},"categories":[5],"tags":[],"class_list":["post-9353","post","type-post","status-publish","format-standard","has-post-thumbnail","hentry","category-noticias"],"wpmagazine_modules_lite_featured_media_urls":{"thumbnail":["https:\/\/radioclubedeinhapim.com.br\/wp-content\/uploads\/2026\/03\/Copia-de-Inserir-um-subtitulo-2026-03-10T111210.012-150x150.jpg",150,150,true],"cvmm-medium":["https:\/\/radioclubedeinhapim.com.br\/wp-content\/uploads\/2026\/03\/Copia-de-Inserir-um-subtitulo-2026-03-10T111210.012-300x300.jpg",300,300,true],"cvmm-medium-plus":["https:\/\/radioclubedeinhapim.com.br\/wp-content\/uploads\/2026\/03\/Copia-de-Inserir-um-subtitulo-2026-03-10T111210.012-305x207.jpg",305,207,true],"cvmm-portrait":["https:\/\/radioclubedeinhapim.com.br\/wp-content\/uploads\/2026\/03\/Copia-de-Inserir-um-subtitulo-2026-03-10T111210.012-400x600.jpg",400,600,true],"cvmm-medium-square":["https:\/\/radioclubedeinhapim.com.br\/wp-content\/uploads\/2026\/03\/Copia-de-Inserir-um-subtitulo-2026-03-10T111210.012-600x600.jpg",600,600,true],"cvmm-large":["https:\/\/radioclubedeinhapim.com.br\/wp-content\/uploads\/2026\/03\/Copia-de-Inserir-um-subtitulo-2026-03-10T111210.012-1024x1024.jpg",1024,1024,true],"cvmm-small":["https:\/\/radioclubedeinhapim.com.br\/wp-content\/uploads\/2026\/03\/Copia-de-Inserir-um-subtitulo-2026-03-10T111210.012-130x95.jpg",130,95,true],"full":["https:\/\/radioclubedeinhapim.com.br\/wp-content\/uploads\/2026\/03\/Copia-de-Inserir-um-subtitulo-2026-03-10T111210.012.jpg",1080,1080,false]},"categories_names":{"5":{"name":"Not\u00edcias","link":"https:\/\/radioclubedeinhapim.com.br\/index.php\/category\/noticias\/"}},"tags_names":[],"comments_number":"0","_links":{"self":[{"href":"https:\/\/radioclubedeinhapim.com.br\/index.php\/wp-json\/wp\/v2\/posts\/9353","targetHints":{"allow":["GET"]}}],"collection":[{"href":"https:\/\/radioclubedeinhapim.com.br\/index.php\/wp-json\/wp\/v2\/posts"}],"about":[{"href":"https:\/\/radioclubedeinhapim.com.br\/index.php\/wp-json\/wp\/v2\/types\/post"}],"author":[{"embeddable":true,"href":"https:\/\/radioclubedeinhapim.com.br\/index.php\/wp-json\/wp\/v2\/users\/2"}],"replies":[{"embeddable":true,"href":"https:\/\/radioclubedeinhapim.com.br\/index.php\/wp-json\/wp\/v2\/comments?post=9353"}],"version-history":[{"count":1,"href":"https:\/\/radioclubedeinhapim.com.br\/index.php\/wp-json\/wp\/v2\/posts\/9353\/revisions"}],"predecessor-version":[{"id":9355,"href":"https:\/\/radioclubedeinhapim.com.br\/index.php\/wp-json\/wp\/v2\/posts\/9353\/revisions\/9355"}],"wp:featuredmedia":[{"embeddable":true,"href":"https:\/\/radioclubedeinhapim.com.br\/index.php\/wp-json\/wp\/v2\/media\/9354"}],"wp:attachment":[{"href":"https:\/\/radioclubedeinhapim.com.br\/index.php\/wp-json\/wp\/v2\/media?parent=9353"}],"wp:term":[{"taxonomy":"category","embeddable":true,"href":"https:\/\/radioclubedeinhapim.com.br\/index.php\/wp-json\/wp\/v2\/categories?post=9353"},{"taxonomy":"post_tag","embeddable":true,"href":"https:\/\/radioclubedeinhapim.com.br\/index.php\/wp-json\/wp\/v2\/tags?post=9353"}],"curies":[{"name":"wp","href":"https:\/\/api.w.org\/{rel}","templated":true}]}}