{"id":9359,"date":"2026-03-10T15:29:16","date_gmt":"2026-03-10T18:29:16","guid":{"rendered":"https:\/\/radioclubedeinhapim.com.br\/?p=9359"},"modified":"2026-03-10T15:29:16","modified_gmt":"2026-03-10T18:29:16","slug":"ao-ver-mae-sendo-agredida-por-se-recusar-a-sentar-com-marido-menino-de-9-anos-intervem-e-e-ferido-a-socos","status":"publish","type":"post","link":"https:\/\/radioclubedeinhapim.com.br\/index.php\/2026\/03\/10\/ao-ver-mae-sendo-agredida-por-se-recusar-a-sentar-com-marido-menino-de-9-anos-intervem-e-e-ferido-a-socos\/","title":{"rendered":"Ao ver m\u00e3e sendo agredida por se recusar a sentar com marido, menino de 9 anos interv\u00e9m e \u00e9 ferido a socos"},"content":{"rendered":"\n<p>Ao ver a m\u00e3e sendo agredida por se recusar a sentar ao lado do marido, um menino de nove anos interveio e foi ferido a socos em Nanuque. O homem foi preso pela viol\u00eancia dom\u00e9stica cometida contra a companheira e o filho dela.<\/p>\n\n\n\n<p>Segundo informa\u00e7\u00f5es divulgadas pela Pol\u00edcia Civil de Minas Gerais (PCMG) nesta segunda-feira (9), a pris\u00e3o foi realizada pela Delegacia Especializada de Atendimento \u00e0 Mulher (Deam) na \u00faltima sexta-feira (6). As agress\u00f5es ocorreram no dia 5 de fevereiro deste ano.<\/p>\n\n\n\n<p>\u201cAp\u00f3s retornar do trabalho, o investigado teria iniciado uma discuss\u00e3o ao exigir que a companheira se sentasse ao seu lado. Diante da recusa moment\u00e2nea da v\u00edtima, que aguardava a crian\u00e7a adormecer, o homem teria reagido com viol\u00eancia\u201d, informou a pol\u00edcia.<\/p>\n\n\n\n<p>Os levantamentos indicaram que o homem, de 27 anos, arrastou a companheira pelo bra\u00e7o at\u00e9 a cozinha. Em seguida, quebrou um prato de vidro na cabe\u00e7a dela, fazendo-a escorregar e ficar tonta. Depois, ele deu socos na cabe\u00e7a da mulher.<\/p>\n\n\n\n<p>\u201cAo presenciar as agress\u00f5es, a crian\u00e7a de 9 anos tentou intervir para defender a m\u00e3e. Nesse momento, o investigado tamb\u00e9m teria agredido o enteado com socos, causando um hematoma abaixo do olho esquerdo.\u201d<\/p>\n\n\n\n<p>Conforme a PCMG, ao ver que o filho estava sendo agredido, a mulher tentou defend\u00ea-lo e foi arremessada contra o sof\u00e1, batendo o bra\u00e7o em um m\u00f3vel.<\/p>\n\n\n\n<p>\u201cEm raz\u00e3o do impacto, a v\u00edtima perdeu a consci\u00eancia por alguns instantes. Posteriormente, quando recebeu atendimento m\u00e9dico, surgiu a suspeita de fratura no bra\u00e7o direito.\u201d<\/p>\n\n\n\n<p>A PCMG informou ainda que, durante as agress\u00f5es, o homem destruiu o celular da esposa, impedindo que ela pedisse ajuda.<\/p>\n\n\n\n<p>Ele j\u00e1 foi levado ao sistema prisional e permanece \u00e0 disposi\u00e7\u00e3o da Justi\u00e7a.<\/p>\n","protected":false},"excerpt":{"rendered":"<p>Ao ver a m\u00e3e sendo agredida por se recusar a sentar ao lado do marido, um menino de nove anos interveio e foi ferido a socos em Nanuque. O homem foi preso pela viol\u00eancia dom\u00e9stica cometida contra a companheira e o filho dela. Segundo informa\u00e7\u00f5es divulgadas pela Pol\u00edcia Civil de Minas Gerais (PCMG) nesta segunda-feira [&hellip;]<\/p>\n","protected":false},"author":2,"featured_media":9360,"comment_status":"open","ping_status":"open","sticky":false,"template":"","format":"standard","meta":{"footnotes":""},"categories":[5],"tags":[],"class_list":["post-9359","post","type-post","status-publish","format-standard","has-post-thumbnail","hentry","category-noticias"],"wpmagazine_modules_lite_featured_media_urls":{"thumbnail":["https:\/\/radioclubedeinhapim.com.br\/wp-content\/uploads\/2026\/03\/Copia-de-Inserir-um-subtitulo-1-150x150.jpg",150,150,true],"cvmm-medium":["https:\/\/radioclubedeinhapim.com.br\/wp-content\/uploads\/2026\/03\/Copia-de-Inserir-um-subtitulo-1-300x300.jpg",300,300,true],"cvmm-medium-plus":["https:\/\/radioclubedeinhapim.com.br\/wp-content\/uploads\/2026\/03\/Copia-de-Inserir-um-subtitulo-1-305x207.jpg",305,207,true],"cvmm-portrait":["https:\/\/radioclubedeinhapim.com.br\/wp-content\/uploads\/2026\/03\/Copia-de-Inserir-um-subtitulo-1-400x600.jpg",400,600,true],"cvmm-medium-square":["https:\/\/radioclubedeinhapim.com.br\/wp-content\/uploads\/2026\/03\/Copia-de-Inserir-um-subtitulo-1-600x600.jpg",600,600,true],"cvmm-large":["https:\/\/radioclubedeinhapim.com.br\/wp-content\/uploads\/2026\/03\/Copia-de-Inserir-um-subtitulo-1-1024x1024.jpg",1024,1024,true],"cvmm-small":["https:\/\/radioclubedeinhapim.com.br\/wp-content\/uploads\/2026\/03\/Copia-de-Inserir-um-subtitulo-1-130x95.jpg",130,95,true],"full":["https:\/\/radioclubedeinhapim.com.br\/wp-content\/uploads\/2026\/03\/Copia-de-Inserir-um-subtitulo-1.jpg",1080,1080,false]},"categories_names":{"5":{"name":"Not\u00edcias","link":"https:\/\/radioclubedeinhapim.com.br\/index.php\/category\/noticias\/"}},"tags_names":[],"comments_number":"0","_links":{"self":[{"href":"https:\/\/radioclubedeinhapim.com.br\/index.php\/wp-json\/wp\/v2\/posts\/9359","targetHints":{"allow":["GET"]}}],"collection":[{"href":"https:\/\/radioclubedeinhapim.com.br\/index.php\/wp-json\/wp\/v2\/posts"}],"about":[{"href":"https:\/\/radioclubedeinhapim.com.br\/index.php\/wp-json\/wp\/v2\/types\/post"}],"author":[{"embeddable":true,"href":"https:\/\/radioclubedeinhapim.com.br\/index.php\/wp-json\/wp\/v2\/users\/2"}],"replies":[{"embeddable":true,"href":"https:\/\/radioclubedeinhapim.com.br\/index.php\/wp-json\/wp\/v2\/comments?post=9359"}],"version-history":[{"count":1,"href":"https:\/\/radioclubedeinhapim.com.br\/index.php\/wp-json\/wp\/v2\/posts\/9359\/revisions"}],"predecessor-version":[{"id":9361,"href":"https:\/\/radioclubedeinhapim.com.br\/index.php\/wp-json\/wp\/v2\/posts\/9359\/revisions\/9361"}],"wp:featuredmedia":[{"embeddable":true,"href":"https:\/\/radioclubedeinhapim.com.br\/index.php\/wp-json\/wp\/v2\/media\/9360"}],"wp:attachment":[{"href":"https:\/\/radioclubedeinhapim.com.br\/index.php\/wp-json\/wp\/v2\/media?parent=9359"}],"wp:term":[{"taxonomy":"category","embeddable":true,"href":"https:\/\/radioclubedeinhapim.com.br\/index.php\/wp-json\/wp\/v2\/categories?post=9359"},{"taxonomy":"post_tag","embeddable":true,"href":"https:\/\/radioclubedeinhapim.com.br\/index.php\/wp-json\/wp\/v2\/tags?post=9359"}],"curies":[{"name":"wp","href":"https:\/\/api.w.org\/{rel}","templated":true}]}}