{"id":9373,"date":"2026-03-11T08:37:25","date_gmt":"2026-03-11T11:37:25","guid":{"rendered":"https:\/\/radioclubedeinhapim.com.br\/?p=9373"},"modified":"2026-03-11T08:37:25","modified_gmt":"2026-03-11T11:37:25","slug":"foragido-condenado-a-12-anos-de-prisao-por-homicidio-e-preso-em-ipatinga","status":"publish","type":"post","link":"https:\/\/radioclubedeinhapim.com.br\/index.php\/2026\/03\/11\/foragido-condenado-a-12-anos-de-prisao-por-homicidio-e-preso-em-ipatinga\/","title":{"rendered":"Foragido condenado a 12 anos de pris\u00e3o por homic\u00eddio \u00e9 preso em Ipatinga"},"content":{"rendered":"\n<p>Um homem de 41 anos, condenado a 12 anos de pris\u00e3o por homic\u00eddio, foi preso na manh\u00e3 desta ter\u00e7a-feira (10) em Ipatinga, no Vale do A\u00e7o.<\/p>\n\n\n\n<p>De acordo com a Pol\u00edcia Civil, a pris\u00e3o aconteceu durante uma a\u00e7\u00e3o de policiais que realizavam levantamentos para localizar foragidos da Justi\u00e7a.<\/p>\n\n\n\n<p>Ap\u00f3s monitoramento de informa\u00e7\u00f5es e an\u00e1lise de dados, os investigadores identificaram o paradeiro do condenado e efetuaram a pris\u00e3o no momento em que ele dirigia um ve\u00edculo na regi\u00e3o central da cidade. Segundo a pol\u00edcia, ele n\u00e3o resistiu \u00e0 abordagem.<\/p>\n\n\n\n<p>A a\u00e7\u00e3o teve como objetivo cumprir um mandado de pris\u00e3o expedido pela Vara \u00danica da comarca de Ferros, decorrente de condena\u00e7\u00e3o definitiva a 12 anos de reclus\u00e3o, em regime inicial fechado.<\/p>\n\n\n\n<p>O homic\u00eddio aconteceu em janeiro de 2009, na pra\u00e7a central do distrito de Sete Cachoeiras, na zona rural de Ferros. Segundo as investiga\u00e7\u00f5es, o homem efetuou disparos de arma de fogo contra duas pessoas. Uma das v\u00edtimas foi atingida na cabe\u00e7a e morreu.<\/p>\n\n\n\n<p>Ainda conforme a Pol\u00edcia Civil, o crime teria sido motivado por um desentendimento anterior envolvendo familiares do investigado e da v\u00edtima, situa\u00e7\u00e3o que teria gerado amea\u00e7as entre os envolvidos nos dias que antecederam o homic\u00eddio.<\/p>\n\n\n\n<p>Ap\u00f3s os procedimentos de pol\u00edcia judici\u00e1ria, o homem foi encaminhado ao sistema prisional e permanece \u00e0 disposi\u00e7\u00e3o da Justi\u00e7a.<\/p>\n","protected":false},"excerpt":{"rendered":"<p>Um homem de 41 anos, condenado a 12 anos de pris\u00e3o por homic\u00eddio, foi preso na manh\u00e3 desta ter\u00e7a-feira (10) em Ipatinga, no Vale do A\u00e7o. De acordo com a Pol\u00edcia Civil, a pris\u00e3o aconteceu durante uma a\u00e7\u00e3o de policiais que realizavam levantamentos para localizar foragidos da Justi\u00e7a. Ap\u00f3s monitoramento de informa\u00e7\u00f5es e an\u00e1lise de [&hellip;]<\/p>\n","protected":false},"author":2,"featured_media":9374,"comment_status":"open","ping_status":"open","sticky":false,"template":"","format":"standard","meta":{"footnotes":""},"categories":[5],"tags":[],"class_list":["post-9373","post","type-post","status-publish","format-standard","has-post-thumbnail","hentry","category-noticias"],"wpmagazine_modules_lite_featured_media_urls":{"thumbnail":["https:\/\/radioclubedeinhapim.com.br\/wp-content\/uploads\/2026\/03\/Copia-de-Inserir-um-subtitulo-4-150x150.jpg",150,150,true],"cvmm-medium":["https:\/\/radioclubedeinhapim.com.br\/wp-content\/uploads\/2026\/03\/Copia-de-Inserir-um-subtitulo-4-300x300.jpg",300,300,true],"cvmm-medium-plus":["https:\/\/radioclubedeinhapim.com.br\/wp-content\/uploads\/2026\/03\/Copia-de-Inserir-um-subtitulo-4-305x207.jpg",305,207,true],"cvmm-portrait":["https:\/\/radioclubedeinhapim.com.br\/wp-content\/uploads\/2026\/03\/Copia-de-Inserir-um-subtitulo-4-400x600.jpg",400,600,true],"cvmm-medium-square":["https:\/\/radioclubedeinhapim.com.br\/wp-content\/uploads\/2026\/03\/Copia-de-Inserir-um-subtitulo-4-600x600.jpg",600,600,true],"cvmm-large":["https:\/\/radioclubedeinhapim.com.br\/wp-content\/uploads\/2026\/03\/Copia-de-Inserir-um-subtitulo-4-1024x1024.jpg",1024,1024,true],"cvmm-small":["https:\/\/radioclubedeinhapim.com.br\/wp-content\/uploads\/2026\/03\/Copia-de-Inserir-um-subtitulo-4-130x95.jpg",130,95,true],"full":["https:\/\/radioclubedeinhapim.com.br\/wp-content\/uploads\/2026\/03\/Copia-de-Inserir-um-subtitulo-4.jpg",1080,1080,false]},"categories_names":{"5":{"name":"Not\u00edcias","link":"https:\/\/radioclubedeinhapim.com.br\/index.php\/category\/noticias\/"}},"tags_names":[],"comments_number":"0","_links":{"self":[{"href":"https:\/\/radioclubedeinhapim.com.br\/index.php\/wp-json\/wp\/v2\/posts\/9373","targetHints":{"allow":["GET"]}}],"collection":[{"href":"https:\/\/radioclubedeinhapim.com.br\/index.php\/wp-json\/wp\/v2\/posts"}],"about":[{"href":"https:\/\/radioclubedeinhapim.com.br\/index.php\/wp-json\/wp\/v2\/types\/post"}],"author":[{"embeddable":true,"href":"https:\/\/radioclubedeinhapim.com.br\/index.php\/wp-json\/wp\/v2\/users\/2"}],"replies":[{"embeddable":true,"href":"https:\/\/radioclubedeinhapim.com.br\/index.php\/wp-json\/wp\/v2\/comments?post=9373"}],"version-history":[{"count":1,"href":"https:\/\/radioclubedeinhapim.com.br\/index.php\/wp-json\/wp\/v2\/posts\/9373\/revisions"}],"predecessor-version":[{"id":9375,"href":"https:\/\/radioclubedeinhapim.com.br\/index.php\/wp-json\/wp\/v2\/posts\/9373\/revisions\/9375"}],"wp:featuredmedia":[{"embeddable":true,"href":"https:\/\/radioclubedeinhapim.com.br\/index.php\/wp-json\/wp\/v2\/media\/9374"}],"wp:attachment":[{"href":"https:\/\/radioclubedeinhapim.com.br\/index.php\/wp-json\/wp\/v2\/media?parent=9373"}],"wp:term":[{"taxonomy":"category","embeddable":true,"href":"https:\/\/radioclubedeinhapim.com.br\/index.php\/wp-json\/wp\/v2\/categories?post=9373"},{"taxonomy":"post_tag","embeddable":true,"href":"https:\/\/radioclubedeinhapim.com.br\/index.php\/wp-json\/wp\/v2\/tags?post=9373"}],"curies":[{"name":"wp","href":"https:\/\/api.w.org\/{rel}","templated":true}]}}