{"id":9391,"date":"2026-03-11T15:45:56","date_gmt":"2026-03-11T18:45:56","guid":{"rendered":"https:\/\/radioclubedeinhapim.com.br\/?p=9391"},"modified":"2026-03-11T15:45:56","modified_gmt":"2026-03-11T18:45:56","slug":"adolescente-ameaca-atentado-contra-escola-durante-transmissao-ao-vivo-e-e-apreendido-em-ipatinga","status":"publish","type":"post","link":"https:\/\/radioclubedeinhapim.com.br\/index.php\/2026\/03\/11\/adolescente-ameaca-atentado-contra-escola-durante-transmissao-ao-vivo-e-e-apreendido-em-ipatinga\/","title":{"rendered":"Adolescente amea\u00e7a atentado contra escola durante transmiss\u00e3o ao vivo e \u00e9 apreendido em Ipatinga"},"content":{"rendered":"\n<p>Um adolescente de 16 anos foi apreendido ap\u00f3s publicar um v\u00eddeo em que amea\u00e7ava realizar um ataque contra uma escola em Ipatinga, no Leste de Minas Gerais, na tarde desta ter\u00e7a-feira (10). Na grava\u00e7\u00e3o, transmitida ao vivo em uma rede social, o jovem apareceu pr\u00f3ximo \u00e0 unidade de ensino, segurando uma arma falsa que tinha inscri\u00e7\u00f5es em tinta branca com refer\u00eancias a terrorismo, mensagens antissemitas e autores de massacres internacionais.<\/p>\n\n\n\n<p>Durante a transmiss\u00e3o, ele afirmou que iria atirar contra estudantes quando eles sa\u00edssem da escola.<\/p>\n\n\n\n<p>Entre as inscri\u00e7\u00f5es identificadas na arma estavam nomes de autores de ataques armados ocorridos no exterior, incluindo um atentado contra frequentadores de uma sinagoga e outro ataque a tiros motivado por racismo contra pessoas negras.<\/p>\n\n\n\n<p>O adolescente iniciou a live dizendo que estava perto da escola. Em seguida, virou a c\u00e2mera em dire\u00e7\u00e3o ao pr\u00e9dio da unidade de ensino e mostrou a arma, que depois foi analisada Pol\u00edcia Civil e considerada falsa.<\/p>\n\n\n\n<p>No v\u00eddeo, o jovem apareceu usando luvas e roupas escuras, apontando o objeto em dire\u00e7\u00e3o \u00e0 escola e afirmando que esperaria os alunos sa\u00edrem para atirar.<\/p>\n\n\n\n<p>Segundo a Pol\u00edcia Civil, o alerta sobre a transmiss\u00e3o foi feito pela pr\u00f3pria plataforma da rede social, que enviou o v\u00eddeo para a corpora\u00e7\u00e3o em Belo Horizonte. A partir das informa\u00e7\u00f5es, investigadores iniciaram levantamentos para identificar o autor da amea\u00e7a e descobrir onde a grava\u00e7\u00e3o havia sido feita.<\/p>\n\n\n\n<p>A delegada regional respons\u00e1vel pelo caso, Talita Martins, a identifica\u00e7\u00e3o do adolescente foi poss\u00edvel porque ele mostrou o rosto durante a transmiss\u00e3o.<\/p>\n\n\n\n<p>Inicialmente, a pol\u00edcia chegou a acreditar que a grava\u00e7\u00e3o havia sido feita em outra cidade de Minas Gerais. Ap\u00f3s novos levantamentos, foi confirmado que o local mostrado no v\u00eddeo ficava em Ipatinga.<\/p>\n\n\n\n<p>Com a identifica\u00e7\u00e3o do adolescente, policiais foram at\u00e9 a casa dele. A m\u00e3e foi informada sobre o caso e reconheceu o filho nas imagens.<\/p>\n","protected":false},"excerpt":{"rendered":"<p>Um adolescente de 16 anos foi apreendido ap\u00f3s publicar um v\u00eddeo em que amea\u00e7ava realizar um ataque contra uma escola em Ipatinga, no Leste de Minas Gerais, na tarde desta ter\u00e7a-feira (10). Na grava\u00e7\u00e3o, transmitida ao vivo em uma rede social, o jovem apareceu pr\u00f3ximo \u00e0 unidade de ensino, segurando uma arma falsa que tinha [&hellip;]<\/p>\n","protected":false},"author":2,"featured_media":9392,"comment_status":"open","ping_status":"open","sticky":false,"template":"","format":"standard","meta":{"footnotes":""},"categories":[5],"tags":[],"class_list":["post-9391","post","type-post","status-publish","format-standard","has-post-thumbnail","hentry","category-noticias"],"wpmagazine_modules_lite_featured_media_urls":{"thumbnail":["https:\/\/radioclubedeinhapim.com.br\/wp-content\/uploads\/2026\/03\/Copia-de-Inserir-um-subtitulo-2026-03-11T154214.341-150x150.jpg",150,150,true],"cvmm-medium":["https:\/\/radioclubedeinhapim.com.br\/wp-content\/uploads\/2026\/03\/Copia-de-Inserir-um-subtitulo-2026-03-11T154214.341-300x300.jpg",300,300,true],"cvmm-medium-plus":["https:\/\/radioclubedeinhapim.com.br\/wp-content\/uploads\/2026\/03\/Copia-de-Inserir-um-subtitulo-2026-03-11T154214.341-305x207.jpg",305,207,true],"cvmm-portrait":["https:\/\/radioclubedeinhapim.com.br\/wp-content\/uploads\/2026\/03\/Copia-de-Inserir-um-subtitulo-2026-03-11T154214.341-400x600.jpg",400,600,true],"cvmm-medium-square":["https:\/\/radioclubedeinhapim.com.br\/wp-content\/uploads\/2026\/03\/Copia-de-Inserir-um-subtitulo-2026-03-11T154214.341-600x600.jpg",600,600,true],"cvmm-large":["https:\/\/radioclubedeinhapim.com.br\/wp-content\/uploads\/2026\/03\/Copia-de-Inserir-um-subtitulo-2026-03-11T154214.341-1024x1024.jpg",1024,1024,true],"cvmm-small":["https:\/\/radioclubedeinhapim.com.br\/wp-content\/uploads\/2026\/03\/Copia-de-Inserir-um-subtitulo-2026-03-11T154214.341-130x95.jpg",130,95,true],"full":["https:\/\/radioclubedeinhapim.com.br\/wp-content\/uploads\/2026\/03\/Copia-de-Inserir-um-subtitulo-2026-03-11T154214.341.jpg",1080,1080,false]},"categories_names":{"5":{"name":"Not\u00edcias","link":"https:\/\/radioclubedeinhapim.com.br\/index.php\/category\/noticias\/"}},"tags_names":[],"comments_number":"0","_links":{"self":[{"href":"https:\/\/radioclubedeinhapim.com.br\/index.php\/wp-json\/wp\/v2\/posts\/9391","targetHints":{"allow":["GET"]}}],"collection":[{"href":"https:\/\/radioclubedeinhapim.com.br\/index.php\/wp-json\/wp\/v2\/posts"}],"about":[{"href":"https:\/\/radioclubedeinhapim.com.br\/index.php\/wp-json\/wp\/v2\/types\/post"}],"author":[{"embeddable":true,"href":"https:\/\/radioclubedeinhapim.com.br\/index.php\/wp-json\/wp\/v2\/users\/2"}],"replies":[{"embeddable":true,"href":"https:\/\/radioclubedeinhapim.com.br\/index.php\/wp-json\/wp\/v2\/comments?post=9391"}],"version-history":[{"count":1,"href":"https:\/\/radioclubedeinhapim.com.br\/index.php\/wp-json\/wp\/v2\/posts\/9391\/revisions"}],"predecessor-version":[{"id":9393,"href":"https:\/\/radioclubedeinhapim.com.br\/index.php\/wp-json\/wp\/v2\/posts\/9391\/revisions\/9393"}],"wp:featuredmedia":[{"embeddable":true,"href":"https:\/\/radioclubedeinhapim.com.br\/index.php\/wp-json\/wp\/v2\/media\/9392"}],"wp:attachment":[{"href":"https:\/\/radioclubedeinhapim.com.br\/index.php\/wp-json\/wp\/v2\/media?parent=9391"}],"wp:term":[{"taxonomy":"category","embeddable":true,"href":"https:\/\/radioclubedeinhapim.com.br\/index.php\/wp-json\/wp\/v2\/categories?post=9391"},{"taxonomy":"post_tag","embeddable":true,"href":"https:\/\/radioclubedeinhapim.com.br\/index.php\/wp-json\/wp\/v2\/tags?post=9391"}],"curies":[{"name":"wp","href":"https:\/\/api.w.org\/{rel}","templated":true}]}}