{"id":9399,"date":"2026-03-12T09:19:57","date_gmt":"2026-03-12T12:19:57","guid":{"rendered":"https:\/\/radioclubedeinhapim.com.br\/?p=9399"},"modified":"2026-03-12T09:19:57","modified_gmt":"2026-03-12T12:19:57","slug":"obras-de-duplicacao-da-br-116-comecam-em-governador-valadares-com-investimento-de-r-309-milhoes","status":"publish","type":"post","link":"https:\/\/radioclubedeinhapim.com.br\/index.php\/2026\/03\/12\/obras-de-duplicacao-da-br-116-comecam-em-governador-valadares-com-investimento-de-r-309-milhoes\/","title":{"rendered":"Obras de duplica\u00e7\u00e3o da BR-116 come\u00e7am em Governador Valadares com investimento de R$ 309 milh\u00f5es"},"content":{"rendered":"\n<p>A concession\u00e1ria Ecovias Rio Minas iniciou as obras de duplica\u00e7\u00e3o de um trecho da BR-116 em Governador Valadares, no Leste de Minas. Os trabalhos come\u00e7aram nesta semana e fazem parte de um projeto de amplia\u00e7\u00e3o da capacidade da rodovia. O investimento total previsto \u00e9 de R$ 309 milh\u00f5es, com cerca de 9 quil\u00f4metros de duplica\u00e7\u00e3o.<\/p>\n\n\n\n<p>O trecho contemplado nesta etapa fica entre o quil\u00f4metro 421 e o quil\u00f4metro 414, nas proximidades do trevo que d\u00e1 acesso aos munic\u00edpios de Tumiritinga e Capit\u00e3o Andrade, seguindo at\u00e9 a regi\u00e3o da ponte S\u00e3o Raimundo. A expectativa \u00e9 que a duplica\u00e7\u00e3o ajude a melhorar o fluxo de ve\u00edculos e reduza congestionamentos, principalmente na regi\u00e3o do bairro Vila Isa.<\/p>\n\n\n\n<p>De acordo com o coordenador de obras da concession\u00e1ria, Thiago Ramiro, os trabalhos come\u00e7aram com atividades preliminares.<\/p>\n\n\n\n<p>Nesta fase tamb\u00e9m est\u00e1 prevista a implanta\u00e7\u00e3o de estruturas de drenagem pluvial. Uma nova tubula\u00e7\u00e3o ser\u00e1 instalada na lateral da rodovia para facilitar o escoamento da \u00e1gua da chuva e evitar alagamentos no trecho.<\/p>\n\n\n\n<p>Segundo a concession\u00e1ria, a amplia\u00e7\u00e3o da pista poder\u00e1 ocorrer em lados diferentes da rodovia, dependendo das caracter\u00edsticas geogr\u00e1ficas de cada trecho.<\/p>\n\n\n\n<p>Conclus\u00e3o prevista para 2027<\/p>\n\n\n\n<p>A previs\u00e3o \u00e9 que as obras de duplica\u00e7\u00e3o desta etapa sejam conclu\u00eddas at\u00e9 setembro de 2027. Al\u00e9m da duplica\u00e7\u00e3o da pista, o projeto tamb\u00e9m inclui interven\u00e7\u00f5es complementares para melhorar a mobilidade na regi\u00e3o.<\/p>\n\n\n\n<p>Ainda em 2026, est\u00e1 prevista a constru\u00e7\u00e3o de passagens inferiores, que devem facilitar a circula\u00e7\u00e3o de ve\u00edculos entre bairros pr\u00f3ximos sem a necessidade de acessar diretamente a rodovia.<\/p>\n\n\n\n<p>Durante o per\u00edodo de obras, os motoristas devem redobrar a aten\u00e7\u00e3o ao trafegar pelo trecho. As atividades ser\u00e3o realizadas de segunda a s\u00e1bado, principalmente durante o dia, e a orienta\u00e7\u00e3o \u00e9 que os condutores respeitem a sinaliza\u00e7\u00e3o implantada no local.<\/p>\n","protected":false},"excerpt":{"rendered":"<p>A concession\u00e1ria Ecovias Rio Minas iniciou as obras de duplica\u00e7\u00e3o de um trecho da BR-116 em Governador Valadares, no Leste de Minas. Os trabalhos come\u00e7aram nesta semana e fazem parte de um projeto de amplia\u00e7\u00e3o da capacidade da rodovia. O investimento total previsto \u00e9 de R$ 309 milh\u00f5es, com cerca de 9 quil\u00f4metros de duplica\u00e7\u00e3o. [&hellip;]<\/p>\n","protected":false},"author":2,"featured_media":9400,"comment_status":"open","ping_status":"open","sticky":false,"template":"","format":"standard","meta":{"footnotes":""},"categories":[5],"tags":[],"class_list":["post-9399","post","type-post","status-publish","format-standard","has-post-thumbnail","hentry","category-noticias"],"wpmagazine_modules_lite_featured_media_urls":{"thumbnail":["https:\/\/radioclubedeinhapim.com.br\/wp-content\/uploads\/2026\/03\/Copia-de-Inserir-um-subtitulo-2026-03-12T091930.736-150x150.jpg",150,150,true],"cvmm-medium":["https:\/\/radioclubedeinhapim.com.br\/wp-content\/uploads\/2026\/03\/Copia-de-Inserir-um-subtitulo-2026-03-12T091930.736-300x300.jpg",300,300,true],"cvmm-medium-plus":["https:\/\/radioclubedeinhapim.com.br\/wp-content\/uploads\/2026\/03\/Copia-de-Inserir-um-subtitulo-2026-03-12T091930.736-305x207.jpg",305,207,true],"cvmm-portrait":["https:\/\/radioclubedeinhapim.com.br\/wp-content\/uploads\/2026\/03\/Copia-de-Inserir-um-subtitulo-2026-03-12T091930.736-400x600.jpg",400,600,true],"cvmm-medium-square":["https:\/\/radioclubedeinhapim.com.br\/wp-content\/uploads\/2026\/03\/Copia-de-Inserir-um-subtitulo-2026-03-12T091930.736-600x600.jpg",600,600,true],"cvmm-large":["https:\/\/radioclubedeinhapim.com.br\/wp-content\/uploads\/2026\/03\/Copia-de-Inserir-um-subtitulo-2026-03-12T091930.736-1024x1024.jpg",1024,1024,true],"cvmm-small":["https:\/\/radioclubedeinhapim.com.br\/wp-content\/uploads\/2026\/03\/Copia-de-Inserir-um-subtitulo-2026-03-12T091930.736-130x95.jpg",130,95,true],"full":["https:\/\/radioclubedeinhapim.com.br\/wp-content\/uploads\/2026\/03\/Copia-de-Inserir-um-subtitulo-2026-03-12T091930.736.jpg",1080,1080,false]},"categories_names":{"5":{"name":"Not\u00edcias","link":"https:\/\/radioclubedeinhapim.com.br\/index.php\/category\/noticias\/"}},"tags_names":[],"comments_number":"0","_links":{"self":[{"href":"https:\/\/radioclubedeinhapim.com.br\/index.php\/wp-json\/wp\/v2\/posts\/9399","targetHints":{"allow":["GET"]}}],"collection":[{"href":"https:\/\/radioclubedeinhapim.com.br\/index.php\/wp-json\/wp\/v2\/posts"}],"about":[{"href":"https:\/\/radioclubedeinhapim.com.br\/index.php\/wp-json\/wp\/v2\/types\/post"}],"author":[{"embeddable":true,"href":"https:\/\/radioclubedeinhapim.com.br\/index.php\/wp-json\/wp\/v2\/users\/2"}],"replies":[{"embeddable":true,"href":"https:\/\/radioclubedeinhapim.com.br\/index.php\/wp-json\/wp\/v2\/comments?post=9399"}],"version-history":[{"count":1,"href":"https:\/\/radioclubedeinhapim.com.br\/index.php\/wp-json\/wp\/v2\/posts\/9399\/revisions"}],"predecessor-version":[{"id":9401,"href":"https:\/\/radioclubedeinhapim.com.br\/index.php\/wp-json\/wp\/v2\/posts\/9399\/revisions\/9401"}],"wp:featuredmedia":[{"embeddable":true,"href":"https:\/\/radioclubedeinhapim.com.br\/index.php\/wp-json\/wp\/v2\/media\/9400"}],"wp:attachment":[{"href":"https:\/\/radioclubedeinhapim.com.br\/index.php\/wp-json\/wp\/v2\/media?parent=9399"}],"wp:term":[{"taxonomy":"category","embeddable":true,"href":"https:\/\/radioclubedeinhapim.com.br\/index.php\/wp-json\/wp\/v2\/categories?post=9399"},{"taxonomy":"post_tag","embeddable":true,"href":"https:\/\/radioclubedeinhapim.com.br\/index.php\/wp-json\/wp\/v2\/tags?post=9399"}],"curies":[{"name":"wp","href":"https:\/\/api.w.org\/{rel}","templated":true}]}}