{"id":9408,"date":"2026-03-12T15:39:12","date_gmt":"2026-03-12T18:39:12","guid":{"rendered":"https:\/\/radioclubedeinhapim.com.br\/?p=9408"},"modified":"2026-03-12T15:39:12","modified_gmt":"2026-03-12T18:39:12","slug":"juri-condena-feminicida-a-32-anos-e-3-meses-de-reclusao-em-sao-joao-do-oriente","status":"publish","type":"post","link":"https:\/\/radioclubedeinhapim.com.br\/index.php\/2026\/03\/12\/juri-condena-feminicida-a-32-anos-e-3-meses-de-reclusao-em-sao-joao-do-oriente\/","title":{"rendered":"J\u00daRI CONDENA FEMINICIDA A 32 ANOS E 3 MESES DE RECLUS\u00c3O EM S\u00c3O JO\u00c3O DO ORIENTE"},"content":{"rendered":"\n<p>Na \u00faltima quarta-feira, dia 11 de mar\u00e7o de 2026, o Tribunal do J\u00fari da Comarca de Inhapim julgou e condenou um homem de 30 anos, pela pr\u00e1tica de feminic\u00eddio tentado contra sua ent\u00e3o companheira, crime ocorrido em abril de 2025, em S\u00e3o Jo\u00e3o do Oriente\/MG. O r\u00e9u foi condenado \u00e0 pena de 32 (trinta e dois) anos e 3 (tr\u00eas) meses de reclus\u00e3o.<\/p>\n\n\n\n<p>A expressiva pena aplicada \u00e9 resultado direto da nova legisla\u00e7\u00e3o que, al\u00e9m de reconfigurar o feminic\u00eddio como crime aut\u00f4nomo, trouxe importantes causas de aumento de pena, tornando as consequ\u00eancias jur\u00eddicas para o r\u00e9u significativamente mais graves.<\/p>\n\n\n\n<p>A v\u00edtima e o r\u00e9u mantiveram relacionamento conjugal por aproximadamente tr\u00eas anos, per\u00edodo marcado por reiterados epis\u00f3dios de viol\u00eancia dom\u00e9stica, com diversos registros de ocorr\u00eancias policiais. A condena\u00e7\u00e3o proferida ontem representa, finalmente, o encerramento do ciclo de viol\u00eancia vivenciado pela v\u00edtima ao longo de todo o relacionamento.<\/p>\n\n\n\n<p>Para o Minist\u00e9rio P\u00fablico, o resultado do julgamento \u00e9 reflexo de uma sociedade que n\u00e3o tolera a pr\u00e1tica de crimes t\u00e3o graves contra as mulheres. A atua\u00e7\u00e3o ministerial pautou-se pela busca da m\u00e1xima responsabiliza\u00e7\u00e3o penal do agressor, em especial diante da brutalidade das condutas apuradas e do sofrimento imposto \u00e0 v\u00edtima.<\/p>\n\n\n\n<p>O Minist\u00e9rio P\u00fablico, sob a atua\u00e7\u00e3o do Promotor de Justi\u00e7a da Comarca de Inhapim, Dr. Igor Heringer Chamon Rodrigues, reitera seu compromisso com a prote\u00e7\u00e3o das mulheres em situa\u00e7\u00e3o de viol\u00eancia dom\u00e9stica e familiar.<\/p>\n","protected":false},"excerpt":{"rendered":"<p>Na \u00faltima quarta-feira, dia 11 de mar\u00e7o de 2026, o Tribunal do J\u00fari da Comarca de Inhapim julgou e condenou um homem de 30 anos, pela pr\u00e1tica de feminic\u00eddio tentado contra sua ent\u00e3o companheira, crime ocorrido em abril de 2025, em S\u00e3o Jo\u00e3o do Oriente\/MG. O r\u00e9u foi condenado \u00e0 pena de 32 (trinta e [&hellip;]<\/p>\n","protected":false},"author":2,"featured_media":9409,"comment_status":"open","ping_status":"open","sticky":false,"template":"","format":"standard","meta":{"footnotes":""},"categories":[5],"tags":[],"class_list":["post-9408","post","type-post","status-publish","format-standard","has-post-thumbnail","hentry","category-noticias"],"wpmagazine_modules_lite_featured_media_urls":{"thumbnail":["https:\/\/radioclubedeinhapim.com.br\/wp-content\/uploads\/2026\/03\/Copia-de-Inserir-um-subtitulo-2026-03-12T101227.440-150x150.jpg",150,150,true],"cvmm-medium":["https:\/\/radioclubedeinhapim.com.br\/wp-content\/uploads\/2026\/03\/Copia-de-Inserir-um-subtitulo-2026-03-12T101227.440-300x300.jpg",300,300,true],"cvmm-medium-plus":["https:\/\/radioclubedeinhapim.com.br\/wp-content\/uploads\/2026\/03\/Copia-de-Inserir-um-subtitulo-2026-03-12T101227.440-305x207.jpg",305,207,true],"cvmm-portrait":["https:\/\/radioclubedeinhapim.com.br\/wp-content\/uploads\/2026\/03\/Copia-de-Inserir-um-subtitulo-2026-03-12T101227.440-400x600.jpg",400,600,true],"cvmm-medium-square":["https:\/\/radioclubedeinhapim.com.br\/wp-content\/uploads\/2026\/03\/Copia-de-Inserir-um-subtitulo-2026-03-12T101227.440-600x600.jpg",600,600,true],"cvmm-large":["https:\/\/radioclubedeinhapim.com.br\/wp-content\/uploads\/2026\/03\/Copia-de-Inserir-um-subtitulo-2026-03-12T101227.440-1024x1024.jpg",1024,1024,true],"cvmm-small":["https:\/\/radioclubedeinhapim.com.br\/wp-content\/uploads\/2026\/03\/Copia-de-Inserir-um-subtitulo-2026-03-12T101227.440-130x95.jpg",130,95,true],"full":["https:\/\/radioclubedeinhapim.com.br\/wp-content\/uploads\/2026\/03\/Copia-de-Inserir-um-subtitulo-2026-03-12T101227.440.jpg",1080,1080,false]},"categories_names":{"5":{"name":"Not\u00edcias","link":"https:\/\/radioclubedeinhapim.com.br\/index.php\/category\/noticias\/"}},"tags_names":[],"comments_number":"0","_links":{"self":[{"href":"https:\/\/radioclubedeinhapim.com.br\/index.php\/wp-json\/wp\/v2\/posts\/9408","targetHints":{"allow":["GET"]}}],"collection":[{"href":"https:\/\/radioclubedeinhapim.com.br\/index.php\/wp-json\/wp\/v2\/posts"}],"about":[{"href":"https:\/\/radioclubedeinhapim.com.br\/index.php\/wp-json\/wp\/v2\/types\/post"}],"author":[{"embeddable":true,"href":"https:\/\/radioclubedeinhapim.com.br\/index.php\/wp-json\/wp\/v2\/users\/2"}],"replies":[{"embeddable":true,"href":"https:\/\/radioclubedeinhapim.com.br\/index.php\/wp-json\/wp\/v2\/comments?post=9408"}],"version-history":[{"count":1,"href":"https:\/\/radioclubedeinhapim.com.br\/index.php\/wp-json\/wp\/v2\/posts\/9408\/revisions"}],"predecessor-version":[{"id":9410,"href":"https:\/\/radioclubedeinhapim.com.br\/index.php\/wp-json\/wp\/v2\/posts\/9408\/revisions\/9410"}],"wp:featuredmedia":[{"embeddable":true,"href":"https:\/\/radioclubedeinhapim.com.br\/index.php\/wp-json\/wp\/v2\/media\/9409"}],"wp:attachment":[{"href":"https:\/\/radioclubedeinhapim.com.br\/index.php\/wp-json\/wp\/v2\/media?parent=9408"}],"wp:term":[{"taxonomy":"category","embeddable":true,"href":"https:\/\/radioclubedeinhapim.com.br\/index.php\/wp-json\/wp\/v2\/categories?post=9408"},{"taxonomy":"post_tag","embeddable":true,"href":"https:\/\/radioclubedeinhapim.com.br\/index.php\/wp-json\/wp\/v2\/tags?post=9408"}],"curies":[{"name":"wp","href":"https:\/\/api.w.org\/{rel}","templated":true}]}}