{"id":9417,"date":"2026-03-12T15:49:30","date_gmt":"2026-03-12T18:49:30","guid":{"rendered":"https:\/\/radioclubedeinhapim.com.br\/?p=9417"},"modified":"2026-03-12T15:49:30","modified_gmt":"2026-03-12T18:49:30","slug":"idoso-de-74-anos-e-preso-em-santana-do-paraiso-apos-15-anos-foragido-por-estupro-de-vulneravel","status":"publish","type":"post","link":"https:\/\/radioclubedeinhapim.com.br\/index.php\/2026\/03\/12\/idoso-de-74-anos-e-preso-em-santana-do-paraiso-apos-15-anos-foragido-por-estupro-de-vulneravel\/","title":{"rendered":"Idoso de 74 anos \u00e9 preso em Santana do Para\u00edso ap\u00f3s 15 anos foragido por estupro de vulner\u00e1vel"},"content":{"rendered":"\n<p>Um idoso de 74 anos foi preso pela Pol\u00edcia Civil de Minas Gerais em Santana do Para\u00edso, ap\u00f3s permanecer cerca de 15 anos foragido por um caso de estupro de vulner\u00e1vel. A captura ocorreu na tarde de quarta-feira, 11 de mar\u00e7o, e foi resultado de um trabalho de intelig\u00eancia que cruzou dados e monitorou poss\u00edveis endere\u00e7os do investigado.<\/p>\n\n\n\n<p>A a\u00e7\u00e3o foi coordenada pelo delegado Alexandro Silveira e envolveu policiais civis das delegacias de Santana do Para\u00edso e Mesquita, com apoio do 12\u00ba Departamento de Ipatinga. Segundo as informa\u00e7\u00f5es, a localiza\u00e7\u00e3o do homem s\u00f3 foi poss\u00edvel ap\u00f3s um levantamento estrat\u00e9gico conduzido pelo setor de intelig\u00eancia, que apontou o paradeiro do foragido.<\/p>\n\n\n\n<p>O mandado de pris\u00e3o cumprido agora est\u00e1 relacionado a um crime registrado em julho de 2011. Na ocasi\u00e3o, o suspeito abordou uma crian\u00e7a de 11 anos em via p\u00fablica e praticou atos libidinosos, sendo flagrado pela m\u00e3e da v\u00edtima. Ele chegou a ser autuado em flagrante e confessou parcialmente o ato na \u00e9poca, mas acabou liberado dias depois e desapareceu, n\u00e3o sendo mais encontrado nos endere\u00e7os informados \u00e0 Justi\u00e7a.<\/p>\n\n\n\n<p>Diante da fuga e da continuidade do processo, foi expedida uma ordem de pris\u00e3o preventiva. O mandado permaneceu em aberto por mais de uma d\u00e9cada, at\u00e9 ser finalmente cumprido nesta semana, com a pris\u00e3o em Santana do Para\u00edso.<\/p>\n\n\n\n<p>O hist\u00f3rico criminal do detido aponta uma reitera\u00e7\u00e3o de condutas graves. Al\u00e9m do caso ocorrido em 2011, ele j\u00e1 havia sido alvo de investiga\u00e7\u00f5es por atentado violento ao pudor no final da d\u00e9cada de 1990, tamb\u00e9m em Santana do Para\u00edso.<\/p>\n\n\n\n<p>Consta ainda uma passagem por furto registrada em 2009, na cidade de Coronel Fabriciano. Ap\u00f3s os procedimentos formais na delegacia, o idoso foi encaminhado ao sistema prisional, onde permanecer\u00e1 \u00e0 disposi\u00e7\u00e3o do Poder Judici\u00e1rio para o cumprimento das determina\u00e7\u00f5es legais.<\/p>\n","protected":false},"excerpt":{"rendered":"<p>Um idoso de 74 anos foi preso pela Pol\u00edcia Civil de Minas Gerais em Santana do Para\u00edso, ap\u00f3s permanecer cerca de 15 anos foragido por um caso de estupro de vulner\u00e1vel. A captura ocorreu na tarde de quarta-feira, 11 de mar\u00e7o, e foi resultado de um trabalho de intelig\u00eancia que cruzou dados e monitorou poss\u00edveis [&hellip;]<\/p>\n","protected":false},"author":2,"featured_media":9418,"comment_status":"open","ping_status":"open","sticky":false,"template":"","format":"standard","meta":{"footnotes":""},"categories":[5],"tags":[],"class_list":["post-9417","post","type-post","status-publish","format-standard","has-post-thumbnail","hentry","category-noticias"],"wpmagazine_modules_lite_featured_media_urls":{"thumbnail":["https:\/\/radioclubedeinhapim.com.br\/wp-content\/uploads\/2026\/03\/Copia-de-Inserir-um-subtitulo-2026-03-12T110458.296-150x150.jpg",150,150,true],"cvmm-medium":["https:\/\/radioclubedeinhapim.com.br\/wp-content\/uploads\/2026\/03\/Copia-de-Inserir-um-subtitulo-2026-03-12T110458.296-300x300.jpg",300,300,true],"cvmm-medium-plus":["https:\/\/radioclubedeinhapim.com.br\/wp-content\/uploads\/2026\/03\/Copia-de-Inserir-um-subtitulo-2026-03-12T110458.296-305x207.jpg",305,207,true],"cvmm-portrait":["https:\/\/radioclubedeinhapim.com.br\/wp-content\/uploads\/2026\/03\/Copia-de-Inserir-um-subtitulo-2026-03-12T110458.296-400x600.jpg",400,600,true],"cvmm-medium-square":["https:\/\/radioclubedeinhapim.com.br\/wp-content\/uploads\/2026\/03\/Copia-de-Inserir-um-subtitulo-2026-03-12T110458.296-600x600.jpg",600,600,true],"cvmm-large":["https:\/\/radioclubedeinhapim.com.br\/wp-content\/uploads\/2026\/03\/Copia-de-Inserir-um-subtitulo-2026-03-12T110458.296-1024x1024.jpg",1024,1024,true],"cvmm-small":["https:\/\/radioclubedeinhapim.com.br\/wp-content\/uploads\/2026\/03\/Copia-de-Inserir-um-subtitulo-2026-03-12T110458.296-130x95.jpg",130,95,true],"full":["https:\/\/radioclubedeinhapim.com.br\/wp-content\/uploads\/2026\/03\/Copia-de-Inserir-um-subtitulo-2026-03-12T110458.296.jpg",1080,1080,false]},"categories_names":{"5":{"name":"Not\u00edcias","link":"https:\/\/radioclubedeinhapim.com.br\/index.php\/category\/noticias\/"}},"tags_names":[],"comments_number":"0","_links":{"self":[{"href":"https:\/\/radioclubedeinhapim.com.br\/index.php\/wp-json\/wp\/v2\/posts\/9417","targetHints":{"allow":["GET"]}}],"collection":[{"href":"https:\/\/radioclubedeinhapim.com.br\/index.php\/wp-json\/wp\/v2\/posts"}],"about":[{"href":"https:\/\/radioclubedeinhapim.com.br\/index.php\/wp-json\/wp\/v2\/types\/post"}],"author":[{"embeddable":true,"href":"https:\/\/radioclubedeinhapim.com.br\/index.php\/wp-json\/wp\/v2\/users\/2"}],"replies":[{"embeddable":true,"href":"https:\/\/radioclubedeinhapim.com.br\/index.php\/wp-json\/wp\/v2\/comments?post=9417"}],"version-history":[{"count":1,"href":"https:\/\/radioclubedeinhapim.com.br\/index.php\/wp-json\/wp\/v2\/posts\/9417\/revisions"}],"predecessor-version":[{"id":9419,"href":"https:\/\/radioclubedeinhapim.com.br\/index.php\/wp-json\/wp\/v2\/posts\/9417\/revisions\/9419"}],"wp:featuredmedia":[{"embeddable":true,"href":"https:\/\/radioclubedeinhapim.com.br\/index.php\/wp-json\/wp\/v2\/media\/9418"}],"wp:attachment":[{"href":"https:\/\/radioclubedeinhapim.com.br\/index.php\/wp-json\/wp\/v2\/media?parent=9417"}],"wp:term":[{"taxonomy":"category","embeddable":true,"href":"https:\/\/radioclubedeinhapim.com.br\/index.php\/wp-json\/wp\/v2\/categories?post=9417"},{"taxonomy":"post_tag","embeddable":true,"href":"https:\/\/radioclubedeinhapim.com.br\/index.php\/wp-json\/wp\/v2\/tags?post=9417"}],"curies":[{"name":"wp","href":"https:\/\/api.w.org\/{rel}","templated":true}]}}