{"id":942,"date":"2024-07-24T10:27:16","date_gmt":"2024-07-24T13:27:16","guid":{"rendered":"https:\/\/radioclubedeinhapim.com.br\/?p=942"},"modified":"2024-07-24T10:27:16","modified_gmt":"2024-07-24T13:27:16","slug":"recem-nascida-sequestrada-de-hospital-de-mg-e-encontrada-em-go-diz-policia","status":"publish","type":"post","link":"https:\/\/radioclubedeinhapim.com.br\/index.php\/2024\/07\/24\/recem-nascida-sequestrada-de-hospital-de-mg-e-encontrada-em-go-diz-policia\/","title":{"rendered":"Rec\u00e9m-nascida sequestrada de hospital de MG \u00e9 encontrada em GO, diz pol\u00edcia"},"content":{"rendered":"\n<p>A rec\u00e9m-nascida sequestrada do Hospital de Cl\u00ednicas da Universidade Federal de Uberl\u00e2ndia, no Tri\u00e2ngulo Mineiro, na noite dessa ter\u00e7a-feira (23), foi encontrada na manh\u00e3 desta quarta-feira (24), em Itumbiara (GO) \u2014 a 134 quil\u00f4metros de onde foi levada. A informa\u00e7\u00e3o foi confirmada pela delegada Lia Valechi da Pol\u00edcia Civil pelas redes sociais.<\/p>\n\n\n\n<p>Por volta de meia-noite, a menina foi levada da ala da <a><\/a>maternidade por uma mulher \u2014 que usava jaleco e m\u00e1scara de prote\u00e7\u00e3o \u2014 e se passou por m\u00e9dica. O circuito de c\u00e2meras de seguran\u00e7a flagrou o momento em que ela sai do hospital com a crian\u00e7a no colo e entra em um carro, que dava a cobertura ao crime.<\/p>\n\n\n\n<p>Segundo a Empresa Brasileira de Servi\u00e7os Hospitalares, que administra a unidade de sa\u00fade, a falsa m\u00e9dica entrou no local com crach\u00e1 institucional (veja nota abaixo).<\/p>\n\n\n\n<p>As primeiras informa\u00e7\u00f5es da Pol\u00edcia Militar (PM) s\u00e3o de que ela chegou ao HC da Universidade Federal de Uberl\u00e2ndia questionando os funcion\u00e1rios sobre onde seria a ala da maternidade da pediatria, porque precisava avaliar uma crian\u00e7a. A mulher, ent\u00e3o, foi conduzida ao local at\u00e9 chegar no quarto onde estava a fam\u00edlia. A menina estava com os pais.<\/p>\n\n\n\n<p>A sequestradora falou com a m\u00e3e que levaria a beb\u00ea para se alimentar, uma vez que, segunda a pr\u00f3pria m\u00e3e, estavam tendo dificuldades na amamenta\u00e7\u00e3o. Acreditando que a suspeita era realmente m\u00e9dica, a m\u00e3e e o pai permitiram que a beb\u00ea fosse levada.<\/p>\n\n\n\n<p>Quando o pai suspeitou da demora, foi atr\u00e1s da menina e descobriu que ela j\u00e1 n\u00e3o estava mais no hospital. O sequestro da beb\u00ea foi imediatamente informado \u00e0 Pol\u00edcia Militar, que atua para encontrar os criminosos e resgatar a crian\u00e7a.<\/p>\n","protected":false},"excerpt":{"rendered":"<p>A rec\u00e9m-nascida sequestrada do Hospital de Cl\u00ednicas da Universidade Federal de Uberl\u00e2ndia, no Tri\u00e2ngulo Mineiro, na noite dessa ter\u00e7a-feira (23), foi encontrada na manh\u00e3 desta quarta-feira (24), em Itumbiara (GO) \u2014 a 134 quil\u00f4metros de onde foi levada. A informa\u00e7\u00e3o foi confirmada pela delegada Lia Valechi da Pol\u00edcia Civil pelas redes sociais. Por volta de [&hellip;]<\/p>\n","protected":false},"author":2,"featured_media":926,"comment_status":"open","ping_status":"open","sticky":false,"template":"","format":"standard","meta":{"footnotes":""},"categories":[5],"tags":[],"class_list":["post-942","post","type-post","status-publish","format-standard","has-post-thumbnail","hentry","category-noticias"],"wpmagazine_modules_lite_featured_media_urls":{"thumbnail":["https:\/\/radioclubedeinhapim.com.br\/wp-content\/uploads\/2024\/07\/Copia-de-Inserir-um-subtitulo-2024-07-24T101617.505-150x150.jpg",150,150,true],"cvmm-medium":["https:\/\/radioclubedeinhapim.com.br\/wp-content\/uploads\/2024\/07\/Copia-de-Inserir-um-subtitulo-2024-07-24T101617.505-300x300.jpg",300,300,true],"cvmm-medium-plus":["https:\/\/radioclubedeinhapim.com.br\/wp-content\/uploads\/2024\/07\/Copia-de-Inserir-um-subtitulo-2024-07-24T101617.505-305x207.jpg",305,207,true],"cvmm-portrait":["https:\/\/radioclubedeinhapim.com.br\/wp-content\/uploads\/2024\/07\/Copia-de-Inserir-um-subtitulo-2024-07-24T101617.505-400x600.jpg",400,600,true],"cvmm-medium-square":["https:\/\/radioclubedeinhapim.com.br\/wp-content\/uploads\/2024\/07\/Copia-de-Inserir-um-subtitulo-2024-07-24T101617.505-600x600.jpg",600,600,true],"cvmm-large":["https:\/\/radioclubedeinhapim.com.br\/wp-content\/uploads\/2024\/07\/Copia-de-Inserir-um-subtitulo-2024-07-24T101617.505-1024x1024.jpg",1024,1024,true],"cvmm-small":["https:\/\/radioclubedeinhapim.com.br\/wp-content\/uploads\/2024\/07\/Copia-de-Inserir-um-subtitulo-2024-07-24T101617.505-130x95.jpg",130,95,true],"full":["https:\/\/radioclubedeinhapim.com.br\/wp-content\/uploads\/2024\/07\/Copia-de-Inserir-um-subtitulo-2024-07-24T101617.505.jpg",1080,1080,false]},"categories_names":{"5":{"name":"Not\u00edcias","link":"https:\/\/radioclubedeinhapim.com.br\/index.php\/category\/noticias\/"}},"tags_names":[],"comments_number":"0","_links":{"self":[{"href":"https:\/\/radioclubedeinhapim.com.br\/index.php\/wp-json\/wp\/v2\/posts\/942","targetHints":{"allow":["GET"]}}],"collection":[{"href":"https:\/\/radioclubedeinhapim.com.br\/index.php\/wp-json\/wp\/v2\/posts"}],"about":[{"href":"https:\/\/radioclubedeinhapim.com.br\/index.php\/wp-json\/wp\/v2\/types\/post"}],"author":[{"embeddable":true,"href":"https:\/\/radioclubedeinhapim.com.br\/index.php\/wp-json\/wp\/v2\/users\/2"}],"replies":[{"embeddable":true,"href":"https:\/\/radioclubedeinhapim.com.br\/index.php\/wp-json\/wp\/v2\/comments?post=942"}],"version-history":[{"count":1,"href":"https:\/\/radioclubedeinhapim.com.br\/index.php\/wp-json\/wp\/v2\/posts\/942\/revisions"}],"predecessor-version":[{"id":943,"href":"https:\/\/radioclubedeinhapim.com.br\/index.php\/wp-json\/wp\/v2\/posts\/942\/revisions\/943"}],"wp:featuredmedia":[{"embeddable":true,"href":"https:\/\/radioclubedeinhapim.com.br\/index.php\/wp-json\/wp\/v2\/media\/926"}],"wp:attachment":[{"href":"https:\/\/radioclubedeinhapim.com.br\/index.php\/wp-json\/wp\/v2\/media?parent=942"}],"wp:term":[{"taxonomy":"category","embeddable":true,"href":"https:\/\/radioclubedeinhapim.com.br\/index.php\/wp-json\/wp\/v2\/categories?post=942"},{"taxonomy":"post_tag","embeddable":true,"href":"https:\/\/radioclubedeinhapim.com.br\/index.php\/wp-json\/wp\/v2\/tags?post=942"}],"curies":[{"name":"wp","href":"https:\/\/api.w.org\/{rel}","templated":true}]}}