{"id":9427,"date":"2026-03-13T10:29:51","date_gmt":"2026-03-13T13:29:51","guid":{"rendered":"https:\/\/radioclubedeinhapim.com.br\/?p=9427"},"modified":"2026-03-13T10:29:51","modified_gmt":"2026-03-13T13:29:51","slug":"policia-militar-prende-autor-por-trafico-de-drogas-e-porte-ilegal-de-municao-em-raul-soares","status":"publish","type":"post","link":"https:\/\/radioclubedeinhapim.com.br\/index.php\/2026\/03\/13\/policia-militar-prende-autor-por-trafico-de-drogas-e-porte-ilegal-de-municao-em-raul-soares\/","title":{"rendered":"POL\u00cdCIA MILITAR PRENDE AUTOR POR TR\u00c1FICO DE DROGAS E PORTE ILEGAL DE MUNI\u00c7\u00c3O EM RAUL SOARES"},"content":{"rendered":"\n<p>No dia 12 de mar\u00e7o de 2026, por volta das 19h06, a Pol\u00edcia Militar de Minas Gerais, por meio do 62\u00ba BPM, realizou a pris\u00e3o de um homem de 29 anos pelos crimes de tr\u00e1fico de drogas e porte ilegal de muni\u00e7\u00e3o de uso permitido, no munic\u00edpio de Raul Soares.<\/p>\n\n\n\n<p>A a\u00e7\u00e3o ocorreu na Pra\u00e7a Padre Jos\u00e9 Domingos, regi\u00e3o central da cidade, ap\u00f3s a equipe policial receber den\u00fancia an\u00f4nima.<\/p>\n\n\n\n<p>Diante das informa\u00e7\u00f5es, os militares iniciaram monitoramento e conseguiram abordar um ve\u00edculo VW Gol branco no centro da cidade. Durante busca pessoal, foram localizadas por\u00e7\u00f5es de coca\u00edna no bolso da camisa do autor. J\u00e1 durante busca no interior do ve\u00edculo, foram encontradas muni\u00e7\u00f5es calibre .32.<\/p>\n\n\n\n<p>Diante dos fatos, o autor foi preso e conduzido \u00e0 Delegacia de Pol\u00edcia Civil de Caratinga.<\/p>\n\n\n\n<p>Material apreendido:<br>\u2022 06 papelotes de coca\u00edna<br>\u2022 01 tablete de coca\u00edna<br>\u2022 20 muni\u00e7\u00f5es calibre .32<br>\u2022 02 aparelhos celulares<br>\u2022 01 ve\u00edculo VW Gol<br>\u2022 R$ 1.796,00 em dinheiro<\/p>\n","protected":false},"excerpt":{"rendered":"<p>No dia 12 de mar\u00e7o de 2026, por volta das 19h06, a Pol\u00edcia Militar de Minas Gerais, por meio do 62\u00ba BPM, realizou a pris\u00e3o de um homem de 29 anos pelos crimes de tr\u00e1fico de drogas e porte ilegal de muni\u00e7\u00e3o de uso permitido, no munic\u00edpio de Raul Soares. A a\u00e7\u00e3o ocorreu na Pra\u00e7a [&hellip;]<\/p>\n","protected":false},"author":2,"featured_media":9428,"comment_status":"open","ping_status":"open","sticky":false,"template":"","format":"standard","meta":{"footnotes":""},"categories":[5],"tags":[],"class_list":["post-9427","post","type-post","status-publish","format-standard","has-post-thumbnail","hentry","category-noticias"],"wpmagazine_modules_lite_featured_media_urls":{"thumbnail":["https:\/\/radioclubedeinhapim.com.br\/wp-content\/uploads\/2026\/03\/Copia-de-Inserir-um-subtitulo-2026-03-13T091820.072-150x150.jpg",150,150,true],"cvmm-medium":["https:\/\/radioclubedeinhapim.com.br\/wp-content\/uploads\/2026\/03\/Copia-de-Inserir-um-subtitulo-2026-03-13T091820.072-300x300.jpg",300,300,true],"cvmm-medium-plus":["https:\/\/radioclubedeinhapim.com.br\/wp-content\/uploads\/2026\/03\/Copia-de-Inserir-um-subtitulo-2026-03-13T091820.072-305x207.jpg",305,207,true],"cvmm-portrait":["https:\/\/radioclubedeinhapim.com.br\/wp-content\/uploads\/2026\/03\/Copia-de-Inserir-um-subtitulo-2026-03-13T091820.072-400x600.jpg",400,600,true],"cvmm-medium-square":["https:\/\/radioclubedeinhapim.com.br\/wp-content\/uploads\/2026\/03\/Copia-de-Inserir-um-subtitulo-2026-03-13T091820.072-600x600.jpg",600,600,true],"cvmm-large":["https:\/\/radioclubedeinhapim.com.br\/wp-content\/uploads\/2026\/03\/Copia-de-Inserir-um-subtitulo-2026-03-13T091820.072-1024x1024.jpg",1024,1024,true],"cvmm-small":["https:\/\/radioclubedeinhapim.com.br\/wp-content\/uploads\/2026\/03\/Copia-de-Inserir-um-subtitulo-2026-03-13T091820.072-130x95.jpg",130,95,true],"full":["https:\/\/radioclubedeinhapim.com.br\/wp-content\/uploads\/2026\/03\/Copia-de-Inserir-um-subtitulo-2026-03-13T091820.072.jpg",1080,1080,false]},"categories_names":{"5":{"name":"Not\u00edcias","link":"https:\/\/radioclubedeinhapim.com.br\/index.php\/category\/noticias\/"}},"tags_names":[],"comments_number":"0","_links":{"self":[{"href":"https:\/\/radioclubedeinhapim.com.br\/index.php\/wp-json\/wp\/v2\/posts\/9427","targetHints":{"allow":["GET"]}}],"collection":[{"href":"https:\/\/radioclubedeinhapim.com.br\/index.php\/wp-json\/wp\/v2\/posts"}],"about":[{"href":"https:\/\/radioclubedeinhapim.com.br\/index.php\/wp-json\/wp\/v2\/types\/post"}],"author":[{"embeddable":true,"href":"https:\/\/radioclubedeinhapim.com.br\/index.php\/wp-json\/wp\/v2\/users\/2"}],"replies":[{"embeddable":true,"href":"https:\/\/radioclubedeinhapim.com.br\/index.php\/wp-json\/wp\/v2\/comments?post=9427"}],"version-history":[{"count":1,"href":"https:\/\/radioclubedeinhapim.com.br\/index.php\/wp-json\/wp\/v2\/posts\/9427\/revisions"}],"predecessor-version":[{"id":9429,"href":"https:\/\/radioclubedeinhapim.com.br\/index.php\/wp-json\/wp\/v2\/posts\/9427\/revisions\/9429"}],"wp:featuredmedia":[{"embeddable":true,"href":"https:\/\/radioclubedeinhapim.com.br\/index.php\/wp-json\/wp\/v2\/media\/9428"}],"wp:attachment":[{"href":"https:\/\/radioclubedeinhapim.com.br\/index.php\/wp-json\/wp\/v2\/media?parent=9427"}],"wp:term":[{"taxonomy":"category","embeddable":true,"href":"https:\/\/radioclubedeinhapim.com.br\/index.php\/wp-json\/wp\/v2\/categories?post=9427"},{"taxonomy":"post_tag","embeddable":true,"href":"https:\/\/radioclubedeinhapim.com.br\/index.php\/wp-json\/wp\/v2\/tags?post=9427"}],"curies":[{"name":"wp","href":"https:\/\/api.w.org\/{rel}","templated":true}]}}