{"id":9433,"date":"2026-03-13T10:30:59","date_gmt":"2026-03-13T13:30:59","guid":{"rendered":"https:\/\/radioclubedeinhapim.com.br\/?p=9433"},"modified":"2026-03-13T10:30:59","modified_gmt":"2026-03-13T13:30:59","slug":"idoso-de-84-anos-morto-a-machadadas-em-iapu-casal-sera-julgado-pelo-tribunal-do-juri","status":"publish","type":"post","link":"https:\/\/radioclubedeinhapim.com.br\/index.php\/2026\/03\/13\/idoso-de-84-anos-morto-a-machadadas-em-iapu-casal-sera-julgado-pelo-tribunal-do-juri\/","title":{"rendered":"IDOSO DE 84 ANOS MORTO A MACHADADAS EM IAPU: CASAL SER\u00c1 JULGADO PELO TRIBUNAL DO J\u00daRI"},"content":{"rendered":"\n<p>O Minist\u00e9rio P\u00fablico de Minas Gerais (MPMG), por meio da 2\u00aa Promotoria de Justi\u00e7a da Comarca de Inhapim, representado pelo promotor de Justi\u00e7a Dr. Jonas Junio Linhares Costa Monteiro, obteve a pron\u00fancia de um homem de 19 anos \u00e0 \u00e9poca dos fatos, e uma mulher de 36, pelos crimes de homic\u00eddio qualificado e fraude processual.<\/p>\n\n\n\n<p>Os r\u00e9us ser\u00e3o submetidos a julgamento pelo Tribunal do J\u00fari da Comarca de Inhapim, com sess\u00e3o designada para o dia 8 de junho de 2026, \u00e0s 9h.<\/p>\n\n\n\n<p>Os acusados s\u00e3o apontados como respons\u00e1veis pela morte brutal de Francisco C\u00e2ndido Louren\u00e7o, 84 anos, ocorrida na madrugada de 28 de agosto de 2025, na resid\u00eancia da v\u00edtima, em Iapu\/MG. Segundo a den\u00fancia, o homem atacou o idoso com golpes de machado enquanto ele dormia, causando-lhe m\u00faltiplas fraturas. A mulher, que possu\u00eda acesso ao im\u00f3vel, teria facilitado a entrada do companheiro e aguardado durante a execu\u00e7\u00e3o.<\/p>\n\n\n\n<p>O crime foi motivado por vingan\u00e7a, ap\u00f3s a v\u00edtima comunicar ao casal que encerraria o fornecimento irregular de \u00e1gua e energia el\u00e9trica de que se valiam clandestinamente. A v\u00edtima, que tamb\u00e9m suspeitava de furtos reiterados praticados pelos acusados, optou por permanecer em casa na noite dos fatos, ocasi\u00e3o em que foi surpreendida e morta enquanto repousava, sem qualquer possibilidade de defesa.<\/p>\n\n\n\n<p>Ap\u00f3s o crime, os acusados tentaram ocultar os vest\u00edgios: cobriram o corpo, espalharam \u00e1lcool no local e esconderam a arma. O acusado ainda apresentou vers\u00e3o falsa durante as investiga\u00e7\u00f5es. A confiss\u00e3o veio espontaneamente durante o transporte \u00e0 pris\u00e3o, quando ele indicou com precis\u00e3o onde havia escondido o machado, posteriormente localizado.<\/p>\n\n\n\n<p>Os r\u00e9us foram pronunciados com todas as qualificadoras imputadas: motivo torpe, meio cruel, recurso que dificultou a defesa da v\u00edtima e a majorante pela condi\u00e7\u00e3o de v\u00edtima idosa.<\/p>\n\n\n\n<p>O homem permanece preso preventivamente desde 29 de agosto de 2025. A mulher responde ao processo em liberdade.<\/p>\n\n\n\n<p>Consideradas as qualificadoras e a causa de aumento decorrente de a v\u00edtima ser pessoa idosa, a pena pode atingir patamar entre 16 e 40 anos de reclus\u00e3o.<\/p>\n\n\n\n<p>MPMG<\/p>\n","protected":false},"excerpt":{"rendered":"<p>O Minist\u00e9rio P\u00fablico de Minas Gerais (MPMG), por meio da 2\u00aa Promotoria de Justi\u00e7a da Comarca de Inhapim, representado pelo promotor de Justi\u00e7a Dr. Jonas Junio Linhares Costa Monteiro, obteve a pron\u00fancia de um homem de 19 anos \u00e0 \u00e9poca dos fatos, e uma mulher de 36, pelos crimes de homic\u00eddio qualificado e fraude processual. [&hellip;]<\/p>\n","protected":false},"author":2,"featured_media":9434,"comment_status":"open","ping_status":"open","sticky":false,"template":"","format":"standard","meta":{"footnotes":""},"categories":[5],"tags":[],"class_list":["post-9433","post","type-post","status-publish","format-standard","has-post-thumbnail","hentry","category-noticias"],"wpmagazine_modules_lite_featured_media_urls":{"thumbnail":["https:\/\/radioclubedeinhapim.com.br\/wp-content\/uploads\/2026\/03\/Copia-de-Inserir-um-subtitulo-2026-03-13T100828.291-150x150.jpg",150,150,true],"cvmm-medium":["https:\/\/radioclubedeinhapim.com.br\/wp-content\/uploads\/2026\/03\/Copia-de-Inserir-um-subtitulo-2026-03-13T100828.291-300x300.jpg",300,300,true],"cvmm-medium-plus":["https:\/\/radioclubedeinhapim.com.br\/wp-content\/uploads\/2026\/03\/Copia-de-Inserir-um-subtitulo-2026-03-13T100828.291-305x207.jpg",305,207,true],"cvmm-portrait":["https:\/\/radioclubedeinhapim.com.br\/wp-content\/uploads\/2026\/03\/Copia-de-Inserir-um-subtitulo-2026-03-13T100828.291-400x600.jpg",400,600,true],"cvmm-medium-square":["https:\/\/radioclubedeinhapim.com.br\/wp-content\/uploads\/2026\/03\/Copia-de-Inserir-um-subtitulo-2026-03-13T100828.291-600x600.jpg",600,600,true],"cvmm-large":["https:\/\/radioclubedeinhapim.com.br\/wp-content\/uploads\/2026\/03\/Copia-de-Inserir-um-subtitulo-2026-03-13T100828.291-1024x1024.jpg",1024,1024,true],"cvmm-small":["https:\/\/radioclubedeinhapim.com.br\/wp-content\/uploads\/2026\/03\/Copia-de-Inserir-um-subtitulo-2026-03-13T100828.291-130x95.jpg",130,95,true],"full":["https:\/\/radioclubedeinhapim.com.br\/wp-content\/uploads\/2026\/03\/Copia-de-Inserir-um-subtitulo-2026-03-13T100828.291.jpg",1080,1080,false]},"categories_names":{"5":{"name":"Not\u00edcias","link":"https:\/\/radioclubedeinhapim.com.br\/index.php\/category\/noticias\/"}},"tags_names":[],"comments_number":"0","_links":{"self":[{"href":"https:\/\/radioclubedeinhapim.com.br\/index.php\/wp-json\/wp\/v2\/posts\/9433","targetHints":{"allow":["GET"]}}],"collection":[{"href":"https:\/\/radioclubedeinhapim.com.br\/index.php\/wp-json\/wp\/v2\/posts"}],"about":[{"href":"https:\/\/radioclubedeinhapim.com.br\/index.php\/wp-json\/wp\/v2\/types\/post"}],"author":[{"embeddable":true,"href":"https:\/\/radioclubedeinhapim.com.br\/index.php\/wp-json\/wp\/v2\/users\/2"}],"replies":[{"embeddable":true,"href":"https:\/\/radioclubedeinhapim.com.br\/index.php\/wp-json\/wp\/v2\/comments?post=9433"}],"version-history":[{"count":1,"href":"https:\/\/radioclubedeinhapim.com.br\/index.php\/wp-json\/wp\/v2\/posts\/9433\/revisions"}],"predecessor-version":[{"id":9435,"href":"https:\/\/radioclubedeinhapim.com.br\/index.php\/wp-json\/wp\/v2\/posts\/9433\/revisions\/9435"}],"wp:featuredmedia":[{"embeddable":true,"href":"https:\/\/radioclubedeinhapim.com.br\/index.php\/wp-json\/wp\/v2\/media\/9434"}],"wp:attachment":[{"href":"https:\/\/radioclubedeinhapim.com.br\/index.php\/wp-json\/wp\/v2\/media?parent=9433"}],"wp:term":[{"taxonomy":"category","embeddable":true,"href":"https:\/\/radioclubedeinhapim.com.br\/index.php\/wp-json\/wp\/v2\/categories?post=9433"},{"taxonomy":"post_tag","embeddable":true,"href":"https:\/\/radioclubedeinhapim.com.br\/index.php\/wp-json\/wp\/v2\/tags?post=9433"}],"curies":[{"name":"wp","href":"https:\/\/api.w.org\/{rel}","templated":true}]}}