{"id":9442,"date":"2026-03-13T12:46:25","date_gmt":"2026-03-13T15:46:25","guid":{"rendered":"https:\/\/radioclubedeinhapim.com.br\/?p=9442"},"modified":"2026-03-13T12:46:25","modified_gmt":"2026-03-13T15:46:25","slug":"policia-militar-prende-foragido-da-justica-em-conceicao-de-ipanema","status":"publish","type":"post","link":"https:\/\/radioclubedeinhapim.com.br\/index.php\/2026\/03\/13\/policia-militar-prende-foragido-da-justica-em-conceicao-de-ipanema\/","title":{"rendered":"POL\u00cdCIA MILITAR PRENDE FORAGIDO DA JUSTI\u00c7A EM CONCEI\u00c7\u00c3O DE IPANEMA"},"content":{"rendered":"\n<p>No dia 12 de mar\u00e7o de 2026, por volta das 16h21, a Pol\u00edcia Militar de Minas Gerais por meio do 62\u00ba BPM realizou a pris\u00e3o de um foragido da Justi\u00e7a no munic\u00edpio de Concei\u00e7\u00e3o de Ipanema.<\/p>\n\n\n\n<p>Durante dilig\u00eancias para cumprimento de ordem judicial, os militares localizaram um homem de 49 anos trabalhando em uma lavoura nas proximidades de sua resid\u00eancia, no C\u00f3rrego Cust\u00f3dio. Ap\u00f3s abordagem e consulta aos sistemas policiais, foi confirmado mandado de pris\u00e3o em aberto, expedido pela Vara \u00danica da Comarca de Lajinha \u2013 TJMG e refere-se a pris\u00e3o civil por d\u00edvida de alimentos.<\/p>\n\n\n\n<p>Diante da confirma\u00e7\u00e3o da ordem judicial, foi dada voz de pris\u00e3o ao autor, que foi conduzido inicialmente ao Pronto Atendimento Municipal de Concei\u00e7\u00e3o de Ipanema, onde passou por avalia\u00e7\u00e3o m\u00e9dica de praxe.<\/p>\n\n\n\n<p>Posteriormente, o indiv\u00edduo foi encaminhado \u00e0 Delegacia de Pol\u00edcia Civil de Caratinga para as demais provid\u00eancias legais.<\/p>\n","protected":false},"excerpt":{"rendered":"<p>No dia 12 de mar\u00e7o de 2026, por volta das 16h21, a Pol\u00edcia Militar de Minas Gerais por meio do 62\u00ba BPM realizou a pris\u00e3o de um foragido da Justi\u00e7a no munic\u00edpio de Concei\u00e7\u00e3o de Ipanema. Durante dilig\u00eancias para cumprimento de ordem judicial, os militares localizaram um homem de 49 anos trabalhando em uma lavoura [&hellip;]<\/p>\n","protected":false},"author":2,"featured_media":9443,"comment_status":"open","ping_status":"open","sticky":false,"template":"","format":"standard","meta":{"footnotes":""},"categories":[5],"tags":[],"class_list":["post-9442","post","type-post","status-publish","format-standard","has-post-thumbnail","hentry","category-noticias"],"wpmagazine_modules_lite_featured_media_urls":{"thumbnail":["https:\/\/radioclubedeinhapim.com.br\/wp-content\/uploads\/2026\/03\/Copia-de-Inserir-um-subtitulo-2026-03-13T104703.212-150x150.jpg",150,150,true],"cvmm-medium":["https:\/\/radioclubedeinhapim.com.br\/wp-content\/uploads\/2026\/03\/Copia-de-Inserir-um-subtitulo-2026-03-13T104703.212-300x300.jpg",300,300,true],"cvmm-medium-plus":["https:\/\/radioclubedeinhapim.com.br\/wp-content\/uploads\/2026\/03\/Copia-de-Inserir-um-subtitulo-2026-03-13T104703.212-305x207.jpg",305,207,true],"cvmm-portrait":["https:\/\/radioclubedeinhapim.com.br\/wp-content\/uploads\/2026\/03\/Copia-de-Inserir-um-subtitulo-2026-03-13T104703.212-400x600.jpg",400,600,true],"cvmm-medium-square":["https:\/\/radioclubedeinhapim.com.br\/wp-content\/uploads\/2026\/03\/Copia-de-Inserir-um-subtitulo-2026-03-13T104703.212-600x600.jpg",600,600,true],"cvmm-large":["https:\/\/radioclubedeinhapim.com.br\/wp-content\/uploads\/2026\/03\/Copia-de-Inserir-um-subtitulo-2026-03-13T104703.212-1024x1024.jpg",1024,1024,true],"cvmm-small":["https:\/\/radioclubedeinhapim.com.br\/wp-content\/uploads\/2026\/03\/Copia-de-Inserir-um-subtitulo-2026-03-13T104703.212-130x95.jpg",130,95,true],"full":["https:\/\/radioclubedeinhapim.com.br\/wp-content\/uploads\/2026\/03\/Copia-de-Inserir-um-subtitulo-2026-03-13T104703.212.jpg",1080,1080,false]},"categories_names":{"5":{"name":"Not\u00edcias","link":"https:\/\/radioclubedeinhapim.com.br\/index.php\/category\/noticias\/"}},"tags_names":[],"comments_number":"0","_links":{"self":[{"href":"https:\/\/radioclubedeinhapim.com.br\/index.php\/wp-json\/wp\/v2\/posts\/9442","targetHints":{"allow":["GET"]}}],"collection":[{"href":"https:\/\/radioclubedeinhapim.com.br\/index.php\/wp-json\/wp\/v2\/posts"}],"about":[{"href":"https:\/\/radioclubedeinhapim.com.br\/index.php\/wp-json\/wp\/v2\/types\/post"}],"author":[{"embeddable":true,"href":"https:\/\/radioclubedeinhapim.com.br\/index.php\/wp-json\/wp\/v2\/users\/2"}],"replies":[{"embeddable":true,"href":"https:\/\/radioclubedeinhapim.com.br\/index.php\/wp-json\/wp\/v2\/comments?post=9442"}],"version-history":[{"count":1,"href":"https:\/\/radioclubedeinhapim.com.br\/index.php\/wp-json\/wp\/v2\/posts\/9442\/revisions"}],"predecessor-version":[{"id":9444,"href":"https:\/\/radioclubedeinhapim.com.br\/index.php\/wp-json\/wp\/v2\/posts\/9442\/revisions\/9444"}],"wp:featuredmedia":[{"embeddable":true,"href":"https:\/\/radioclubedeinhapim.com.br\/index.php\/wp-json\/wp\/v2\/media\/9443"}],"wp:attachment":[{"href":"https:\/\/radioclubedeinhapim.com.br\/index.php\/wp-json\/wp\/v2\/media?parent=9442"}],"wp:term":[{"taxonomy":"category","embeddable":true,"href":"https:\/\/radioclubedeinhapim.com.br\/index.php\/wp-json\/wp\/v2\/categories?post=9442"},{"taxonomy":"post_tag","embeddable":true,"href":"https:\/\/radioclubedeinhapim.com.br\/index.php\/wp-json\/wp\/v2\/tags?post=9442"}],"curies":[{"name":"wp","href":"https:\/\/api.w.org\/{rel}","templated":true}]}}