{"id":9470,"date":"2026-03-16T10:45:27","date_gmt":"2026-03-16T13:45:27","guid":{"rendered":"https:\/\/radioclubedeinhapim.com.br\/?p=9470"},"modified":"2026-03-16T10:45:27","modified_gmt":"2026-03-16T13:45:27","slug":"policia-militar-recupera-motocicleta-produto-de-crime-e-prende-dois-homens-por-receptacao-em-caratinga","status":"publish","type":"post","link":"https:\/\/radioclubedeinhapim.com.br\/index.php\/2026\/03\/16\/policia-militar-recupera-motocicleta-produto-de-crime-e-prende-dois-homens-por-receptacao-em-caratinga\/","title":{"rendered":"POL\u00cdCIA MILITAR RECUPERA MOTOCICLETA PRODUTO DE CRIME E PRENDE DOIS HOMENS POR RECEPTA\u00c7\u00c3O EM CARATINGA"},"content":{"rendered":"\n<p>No in\u00edcio da noite de sexta-feira (13\/03), a Pol\u00edcia Militar de Minas Gerais recuperou uma motocicleta, produto de furto\/roubo e prendeu dois homens pelo crime de recepta\u00e7\u00e3o no bairro Nossa Senhora Aparecida, em Caratinga.<\/p>\n\n\n\n<p>Durante o turno de servi\u00e7o, os militares receberam informa\u00e7\u00f5es sobre a localiza\u00e7\u00e3o de um poss\u00edvel ve\u00edculo clonado na Rua Jos\u00e9 Carlos Pereira. De imediato, uma equipe da Pol\u00edcia Militar deslocou-se at\u00e9 o endere\u00e7o indicado, onde localizou uma motocicleta Yamaha XTZ 250 Lander, de cor vermelha, com uma placa divergente.<\/p>\n\n\n\n<p>Ao realizarem consultas e a verifica\u00e7\u00e3o dos sinais identificadores do ve\u00edculo, os policiais militares constataram que o chassi n\u00e3o correspondia \u00e0 placa apresentada. Ap\u00f3s an\u00e1lise mais detalhada, verificou-se que a numera\u00e7\u00e3o verdadeira correspondia a uma motocicleta com registro de furto\/roubo.<\/p>\n\n\n\n<p>Diante da constata\u00e7\u00e3o, o homem de 40 anos, que estava na posse do ve\u00edculo, foi preso e conduzido \u00e0 Delegacia de Pol\u00edcia Civil para as provid\u00eancias legais.<\/p>\n\n\n\n<p>Durante o registro da ocorr\u00eancia, o homem de 36 anos, apresentou-se \u00e0 equipe policial militar e relatou ter sido o respons\u00e1vel pela venda da motocicleta ao homem j\u00e1 preso, informando ainda que havia adquirido o ve\u00edculo de um indiv\u00edduo no estado do Rio de Janeiro. Diante das circunst\u00e2ncias, ele tamb\u00e9m foi preso.<\/p>\n\n\n\n<p>A motocicleta recuperada foi removida para um p\u00e1tio credenciado.<\/p>\n\n\n\n<p>Material apreendido\/recuperado:<br>\u2022 01 motocicleta Yamaha XTZ 250 Lander, vermelha (recuperada)<\/p>\n","protected":false},"excerpt":{"rendered":"<p>No in\u00edcio da noite de sexta-feira (13\/03), a Pol\u00edcia Militar de Minas Gerais recuperou uma motocicleta, produto de furto\/roubo e prendeu dois homens pelo crime de recepta\u00e7\u00e3o no bairro Nossa Senhora Aparecida, em Caratinga. Durante o turno de servi\u00e7o, os militares receberam informa\u00e7\u00f5es sobre a localiza\u00e7\u00e3o de um poss\u00edvel ve\u00edculo clonado na Rua Jos\u00e9 Carlos [&hellip;]<\/p>\n","protected":false},"author":2,"featured_media":9471,"comment_status":"open","ping_status":"open","sticky":false,"template":"","format":"standard","meta":{"footnotes":""},"categories":[5],"tags":[],"class_list":["post-9470","post","type-post","status-publish","format-standard","has-post-thumbnail","hentry","category-noticias"],"wpmagazine_modules_lite_featured_media_urls":{"thumbnail":["https:\/\/radioclubedeinhapim.com.br\/wp-content\/uploads\/2026\/03\/Copia-de-Inserir-um-subtitulo-2026-03-16T094744.032-150x150.jpg",150,150,true],"cvmm-medium":["https:\/\/radioclubedeinhapim.com.br\/wp-content\/uploads\/2026\/03\/Copia-de-Inserir-um-subtitulo-2026-03-16T094744.032-300x300.jpg",300,300,true],"cvmm-medium-plus":["https:\/\/radioclubedeinhapim.com.br\/wp-content\/uploads\/2026\/03\/Copia-de-Inserir-um-subtitulo-2026-03-16T094744.032-305x207.jpg",305,207,true],"cvmm-portrait":["https:\/\/radioclubedeinhapim.com.br\/wp-content\/uploads\/2026\/03\/Copia-de-Inserir-um-subtitulo-2026-03-16T094744.032-400x600.jpg",400,600,true],"cvmm-medium-square":["https:\/\/radioclubedeinhapim.com.br\/wp-content\/uploads\/2026\/03\/Copia-de-Inserir-um-subtitulo-2026-03-16T094744.032-600x600.jpg",600,600,true],"cvmm-large":["https:\/\/radioclubedeinhapim.com.br\/wp-content\/uploads\/2026\/03\/Copia-de-Inserir-um-subtitulo-2026-03-16T094744.032-1024x1024.jpg",1024,1024,true],"cvmm-small":["https:\/\/radioclubedeinhapim.com.br\/wp-content\/uploads\/2026\/03\/Copia-de-Inserir-um-subtitulo-2026-03-16T094744.032-130x95.jpg",130,95,true],"full":["https:\/\/radioclubedeinhapim.com.br\/wp-content\/uploads\/2026\/03\/Copia-de-Inserir-um-subtitulo-2026-03-16T094744.032.jpg",1080,1080,false]},"categories_names":{"5":{"name":"Not\u00edcias","link":"https:\/\/radioclubedeinhapim.com.br\/index.php\/category\/noticias\/"}},"tags_names":[],"comments_number":"0","_links":{"self":[{"href":"https:\/\/radioclubedeinhapim.com.br\/index.php\/wp-json\/wp\/v2\/posts\/9470","targetHints":{"allow":["GET"]}}],"collection":[{"href":"https:\/\/radioclubedeinhapim.com.br\/index.php\/wp-json\/wp\/v2\/posts"}],"about":[{"href":"https:\/\/radioclubedeinhapim.com.br\/index.php\/wp-json\/wp\/v2\/types\/post"}],"author":[{"embeddable":true,"href":"https:\/\/radioclubedeinhapim.com.br\/index.php\/wp-json\/wp\/v2\/users\/2"}],"replies":[{"embeddable":true,"href":"https:\/\/radioclubedeinhapim.com.br\/index.php\/wp-json\/wp\/v2\/comments?post=9470"}],"version-history":[{"count":1,"href":"https:\/\/radioclubedeinhapim.com.br\/index.php\/wp-json\/wp\/v2\/posts\/9470\/revisions"}],"predecessor-version":[{"id":9472,"href":"https:\/\/radioclubedeinhapim.com.br\/index.php\/wp-json\/wp\/v2\/posts\/9470\/revisions\/9472"}],"wp:featuredmedia":[{"embeddable":true,"href":"https:\/\/radioclubedeinhapim.com.br\/index.php\/wp-json\/wp\/v2\/media\/9471"}],"wp:attachment":[{"href":"https:\/\/radioclubedeinhapim.com.br\/index.php\/wp-json\/wp\/v2\/media?parent=9470"}],"wp:term":[{"taxonomy":"category","embeddable":true,"href":"https:\/\/radioclubedeinhapim.com.br\/index.php\/wp-json\/wp\/v2\/categories?post=9470"},{"taxonomy":"post_tag","embeddable":true,"href":"https:\/\/radioclubedeinhapim.com.br\/index.php\/wp-json\/wp\/v2\/tags?post=9470"}],"curies":[{"name":"wp","href":"https:\/\/api.w.org\/{rel}","templated":true}]}}