{"id":9476,"date":"2026-03-16T10:47:08","date_gmt":"2026-03-16T13:47:08","guid":{"rendered":"https:\/\/radioclubedeinhapim.com.br\/?p=9476"},"modified":"2026-03-16T10:47:08","modified_gmt":"2026-03-16T13:47:08","slug":"menor-e-apreendido-com-mais-de-270-microtubos-de-cocaina-durante-operacao-policial-em-caratinga","status":"publish","type":"post","link":"https:\/\/radioclubedeinhapim.com.br\/index.php\/2026\/03\/16\/menor-e-apreendido-com-mais-de-270-microtubos-de-cocaina-durante-operacao-policial-em-caratinga\/","title":{"rendered":"MENOR \u00c9 APREENDIDO COM MAIS DE 270 MICROTUBOS DE COCA\u00cdNA DURANTE OPERA\u00c7\u00c3O POLICIAL EM CARATINGA"},"content":{"rendered":"\n<p>Na noite de s\u00e1bado (14\/03), a Pol\u00edcia Militar de Minas Gerais por meio de Sexag\u00e9simo Segundo Batalh\u00e3o apreendeu um adolescente de 17 anos por envolvimento com o tr\u00e1fico il\u00edcito de drogas no Centro de Caratinga.<\/p>\n\n\n\n<p>Durante opera\u00e7\u00e3o policial realizada na Rua In\u00e1cio Thom\u00e9, local os militares avistaram uma motocicleta em mau estado de conserva\u00e7\u00e3o e com a placa ileg\u00edvel, transitando pela via com um ocupante. Diante da situa\u00e7\u00e3o, as equipes que participavam da opera\u00e7\u00e3o foram acionadas para realizar a abordagem.<\/p>\n\n\n\n<p>O condutor foi abordado e identificado como um menor de idade, j\u00e1 conhecido pelos militares por envolvimento com o tr\u00e1fico de drogas.<\/p>\n\n\n\n<p>Durante busca pessoal, os policiais militares localizaram, no interior de uma bolsa de ombro que ele carregava, 272 microtubos contendo subst\u00e2ncia semelhante \u00e0 coca\u00edna, uma por\u00e7\u00e3o da mesma subst\u00e2ncia, al\u00e9m da quantia de R$ 567,00 em dinheiro.<\/p>\n\n\n\n<p>Diante dos fatos, o menor foi apreendido e o material il\u00edcito recolhido. A motocicleta foi removida para o p\u00e1tio credenciado, sendo ainda lavrados tr\u00eas autos de infra\u00e7\u00e3o de tr\u00e2nsito.<\/p>\n\n\n\n<p>Posteriormente, o adolescente foi liberado na presen\u00e7a de seu respons\u00e1vel legal, mediante assinatura de termo de compromisso de apresenta\u00e7\u00e3o. Todo o material apreendido foi encaminhado \u00e0 Delegacia da Pol\u00edcia Civil para as provid\u00eancias cab\u00edveis.<\/p>\n","protected":false},"excerpt":{"rendered":"<p>Na noite de s\u00e1bado (14\/03), a Pol\u00edcia Militar de Minas Gerais por meio de Sexag\u00e9simo Segundo Batalh\u00e3o apreendeu um adolescente de 17 anos por envolvimento com o tr\u00e1fico il\u00edcito de drogas no Centro de Caratinga. Durante opera\u00e7\u00e3o policial realizada na Rua In\u00e1cio Thom\u00e9, local os militares avistaram uma motocicleta em mau estado de conserva\u00e7\u00e3o e [&hellip;]<\/p>\n","protected":false},"author":2,"featured_media":9477,"comment_status":"open","ping_status":"open","sticky":false,"template":"","format":"standard","meta":{"footnotes":""},"categories":[5],"tags":[],"class_list":["post-9476","post","type-post","status-publish","format-standard","has-post-thumbnail","hentry","category-noticias"],"wpmagazine_modules_lite_featured_media_urls":{"thumbnail":["https:\/\/radioclubedeinhapim.com.br\/wp-content\/uploads\/2026\/03\/Copia-de-Inserir-um-subtitulo-2026-03-16T102659.107-150x150.jpg",150,150,true],"cvmm-medium":["https:\/\/radioclubedeinhapim.com.br\/wp-content\/uploads\/2026\/03\/Copia-de-Inserir-um-subtitulo-2026-03-16T102659.107-300x300.jpg",300,300,true],"cvmm-medium-plus":["https:\/\/radioclubedeinhapim.com.br\/wp-content\/uploads\/2026\/03\/Copia-de-Inserir-um-subtitulo-2026-03-16T102659.107-305x207.jpg",305,207,true],"cvmm-portrait":["https:\/\/radioclubedeinhapim.com.br\/wp-content\/uploads\/2026\/03\/Copia-de-Inserir-um-subtitulo-2026-03-16T102659.107-400x600.jpg",400,600,true],"cvmm-medium-square":["https:\/\/radioclubedeinhapim.com.br\/wp-content\/uploads\/2026\/03\/Copia-de-Inserir-um-subtitulo-2026-03-16T102659.107-600x600.jpg",600,600,true],"cvmm-large":["https:\/\/radioclubedeinhapim.com.br\/wp-content\/uploads\/2026\/03\/Copia-de-Inserir-um-subtitulo-2026-03-16T102659.107-1024x1024.jpg",1024,1024,true],"cvmm-small":["https:\/\/radioclubedeinhapim.com.br\/wp-content\/uploads\/2026\/03\/Copia-de-Inserir-um-subtitulo-2026-03-16T102659.107-130x95.jpg",130,95,true],"full":["https:\/\/radioclubedeinhapim.com.br\/wp-content\/uploads\/2026\/03\/Copia-de-Inserir-um-subtitulo-2026-03-16T102659.107.jpg",1080,1080,false]},"categories_names":{"5":{"name":"Not\u00edcias","link":"https:\/\/radioclubedeinhapim.com.br\/index.php\/category\/noticias\/"}},"tags_names":[],"comments_number":"0","_links":{"self":[{"href":"https:\/\/radioclubedeinhapim.com.br\/index.php\/wp-json\/wp\/v2\/posts\/9476","targetHints":{"allow":["GET"]}}],"collection":[{"href":"https:\/\/radioclubedeinhapim.com.br\/index.php\/wp-json\/wp\/v2\/posts"}],"about":[{"href":"https:\/\/radioclubedeinhapim.com.br\/index.php\/wp-json\/wp\/v2\/types\/post"}],"author":[{"embeddable":true,"href":"https:\/\/radioclubedeinhapim.com.br\/index.php\/wp-json\/wp\/v2\/users\/2"}],"replies":[{"embeddable":true,"href":"https:\/\/radioclubedeinhapim.com.br\/index.php\/wp-json\/wp\/v2\/comments?post=9476"}],"version-history":[{"count":1,"href":"https:\/\/radioclubedeinhapim.com.br\/index.php\/wp-json\/wp\/v2\/posts\/9476\/revisions"}],"predecessor-version":[{"id":9478,"href":"https:\/\/radioclubedeinhapim.com.br\/index.php\/wp-json\/wp\/v2\/posts\/9476\/revisions\/9478"}],"wp:featuredmedia":[{"embeddable":true,"href":"https:\/\/radioclubedeinhapim.com.br\/index.php\/wp-json\/wp\/v2\/media\/9477"}],"wp:attachment":[{"href":"https:\/\/radioclubedeinhapim.com.br\/index.php\/wp-json\/wp\/v2\/media?parent=9476"}],"wp:term":[{"taxonomy":"category","embeddable":true,"href":"https:\/\/radioclubedeinhapim.com.br\/index.php\/wp-json\/wp\/v2\/categories?post=9476"},{"taxonomy":"post_tag","embeddable":true,"href":"https:\/\/radioclubedeinhapim.com.br\/index.php\/wp-json\/wp\/v2\/tags?post=9476"}],"curies":[{"name":"wp","href":"https:\/\/api.w.org\/{rel}","templated":true}]}}