{"id":9493,"date":"2026-03-17T08:45:56","date_gmt":"2026-03-17T11:45:56","guid":{"rendered":"https:\/\/radioclubedeinhapim.com.br\/?p=9493"},"modified":"2026-03-17T08:45:56","modified_gmt":"2026-03-17T11:45:56","slug":"pf-prende-investigado-em-governador-valadares-em-operacao-ligada-a-12-tonelada-de-cocaina-apreendida-em-aeroporto","status":"publish","type":"post","link":"https:\/\/radioclubedeinhapim.com.br\/index.php\/2026\/03\/17\/pf-prende-investigado-em-governador-valadares-em-operacao-ligada-a-12-tonelada-de-cocaina-apreendida-em-aeroporto\/","title":{"rendered":"PF prende investigado em Governador Valadares em opera\u00e7\u00e3o ligada a 1,2 tonelada de coca\u00edna apreendida em aeroporto"},"content":{"rendered":"\n<p>A Pol\u00edcia Federal prendeu, nesta ter\u00e7a-feira (17), um investigado em Governador Valadares, no Leste de Minas, durante a Opera\u00e7\u00e3o Caminho das Pedras. A a\u00e7\u00e3o busca avan\u00e7ar na apura\u00e7\u00e3o sobre o envio de 1,2 tonelada de coca\u00edna apreendida no Aeroporto Internacional de Confins, na Regi\u00e3o Metropolitana de Belo Horizonte, em dezembro de 2025.<\/p>\n\n\n\n<p>Segundo a PF, foram cumpridos onze mandados de busca e apreens\u00e3o e dois mandados de pris\u00e3o tempor\u00e1ria. As ordens judiciais foram distribu\u00eddas da seguinte forma:<\/p>\n\n\n\n<p>Minas Gerais: 6 mandados de busca, todos em Governador Valadares, e 1 pris\u00e3o;<\/p>\n\n\n\n<p>S\u00e3o Paulo: 2 mandados de busca e 1 pris\u00e3o;<\/p>\n\n\n\n<p>Goi\u00e1s: 2 mandados de busca;<\/p>\n\n\n\n<p>Esp\u00edrito Santo: 1 mandado de busca.<\/p>\n\n\n\n<p>A PF n\u00e3o divulgou detalhes sobre o investigado preso em Governador Valadares nem materiais apreendidos at\u00e9 a \u00faltima atualiza\u00e7\u00e3o desta reportagem.<\/p>\n\n\n\n<p>A investiga\u00e7\u00e3o come\u00e7ou em 4 de dezembro de 2025, quando a Pol\u00edcia Federal e a Receita Federal apreenderam 1,3 tonelada de coca\u00edna no Terminal de Cargas do Aeroporto de Confins. A droga estava escondida em bases de mesas de granito que seriam enviadas para Lisboa, em Portugal, com destino final em Madri, na Espanha.<\/p>\n\n\n\n<p>A carga foi localizada ap\u00f3s an\u00e1lise de risco e troca de informa\u00e7\u00f5es entre equipes. Dados repassados pelo Aeroporto de Guarulhos, em S\u00e3o Paulo, colocaram o envio sob alerta. Ap\u00f3s isso, scanners e c\u00e3es farejadores identificaram os blocos suspeitos.<\/p>\n\n\n\n<p>Na \u00e9poca, a superintendente adjunta da Receita Federal em Minas Gerais, Viviane Lopes Franciscani, afirmou:<\/p>\n\n\n\n<p>\u201cO volume apreendido foi o maior volume de coca\u00edna apreendido nesse modal a\u00e9reo de carga no Brasil. Minas bateu o recorde.\u201d<\/p>\n","protected":false},"excerpt":{"rendered":"<p>A Pol\u00edcia Federal prendeu, nesta ter\u00e7a-feira (17), um investigado em Governador Valadares, no Leste de Minas, durante a Opera\u00e7\u00e3o Caminho das Pedras. A a\u00e7\u00e3o busca avan\u00e7ar na apura\u00e7\u00e3o sobre o envio de 1,2 tonelada de coca\u00edna apreendida no Aeroporto Internacional de Confins, na Regi\u00e3o Metropolitana de Belo Horizonte, em dezembro de 2025. Segundo a PF, [&hellip;]<\/p>\n","protected":false},"author":2,"featured_media":9494,"comment_status":"open","ping_status":"open","sticky":false,"template":"","format":"standard","meta":{"footnotes":""},"categories":[5],"tags":[],"class_list":["post-9493","post","type-post","status-publish","format-standard","has-post-thumbnail","hentry","category-noticias"],"wpmagazine_modules_lite_featured_media_urls":{"thumbnail":["https:\/\/radioclubedeinhapim.com.br\/wp-content\/uploads\/2026\/03\/Copia-de-Inserir-um-subtitulo-10-1-150x150.jpg",150,150,true],"cvmm-medium":["https:\/\/radioclubedeinhapim.com.br\/wp-content\/uploads\/2026\/03\/Copia-de-Inserir-um-subtitulo-10-1-300x300.jpg",300,300,true],"cvmm-medium-plus":["https:\/\/radioclubedeinhapim.com.br\/wp-content\/uploads\/2026\/03\/Copia-de-Inserir-um-subtitulo-10-1-305x207.jpg",305,207,true],"cvmm-portrait":["https:\/\/radioclubedeinhapim.com.br\/wp-content\/uploads\/2026\/03\/Copia-de-Inserir-um-subtitulo-10-1-400x600.jpg",400,600,true],"cvmm-medium-square":["https:\/\/radioclubedeinhapim.com.br\/wp-content\/uploads\/2026\/03\/Copia-de-Inserir-um-subtitulo-10-1-600x600.jpg",600,600,true],"cvmm-large":["https:\/\/radioclubedeinhapim.com.br\/wp-content\/uploads\/2026\/03\/Copia-de-Inserir-um-subtitulo-10-1-1024x1024.jpg",1024,1024,true],"cvmm-small":["https:\/\/radioclubedeinhapim.com.br\/wp-content\/uploads\/2026\/03\/Copia-de-Inserir-um-subtitulo-10-1-130x95.jpg",130,95,true],"full":["https:\/\/radioclubedeinhapim.com.br\/wp-content\/uploads\/2026\/03\/Copia-de-Inserir-um-subtitulo-10-1.jpg",1080,1080,false]},"categories_names":{"5":{"name":"Not\u00edcias","link":"https:\/\/radioclubedeinhapim.com.br\/index.php\/category\/noticias\/"}},"tags_names":[],"comments_number":"0","_links":{"self":[{"href":"https:\/\/radioclubedeinhapim.com.br\/index.php\/wp-json\/wp\/v2\/posts\/9493","targetHints":{"allow":["GET"]}}],"collection":[{"href":"https:\/\/radioclubedeinhapim.com.br\/index.php\/wp-json\/wp\/v2\/posts"}],"about":[{"href":"https:\/\/radioclubedeinhapim.com.br\/index.php\/wp-json\/wp\/v2\/types\/post"}],"author":[{"embeddable":true,"href":"https:\/\/radioclubedeinhapim.com.br\/index.php\/wp-json\/wp\/v2\/users\/2"}],"replies":[{"embeddable":true,"href":"https:\/\/radioclubedeinhapim.com.br\/index.php\/wp-json\/wp\/v2\/comments?post=9493"}],"version-history":[{"count":1,"href":"https:\/\/radioclubedeinhapim.com.br\/index.php\/wp-json\/wp\/v2\/posts\/9493\/revisions"}],"predecessor-version":[{"id":9495,"href":"https:\/\/radioclubedeinhapim.com.br\/index.php\/wp-json\/wp\/v2\/posts\/9493\/revisions\/9495"}],"wp:featuredmedia":[{"embeddable":true,"href":"https:\/\/radioclubedeinhapim.com.br\/index.php\/wp-json\/wp\/v2\/media\/9494"}],"wp:attachment":[{"href":"https:\/\/radioclubedeinhapim.com.br\/index.php\/wp-json\/wp\/v2\/media?parent=9493"}],"wp:term":[{"taxonomy":"category","embeddable":true,"href":"https:\/\/radioclubedeinhapim.com.br\/index.php\/wp-json\/wp\/v2\/categories?post=9493"},{"taxonomy":"post_tag","embeddable":true,"href":"https:\/\/radioclubedeinhapim.com.br\/index.php\/wp-json\/wp\/v2\/tags?post=9493"}],"curies":[{"name":"wp","href":"https:\/\/api.w.org\/{rel}","templated":true}]}}