{"id":9499,"date":"2026-03-17T09:29:01","date_gmt":"2026-03-17T12:29:01","guid":{"rendered":"https:\/\/radioclubedeinhapim.com.br\/?p=9499"},"modified":"2026-03-17T09:29:01","modified_gmt":"2026-03-17T12:29:01","slug":"furto-de-cavalo-pode-ter-motivado-tiroteio-que-terminou-com-jovens-baleados-em-timoteo","status":"publish","type":"post","link":"https:\/\/radioclubedeinhapim.com.br\/index.php\/2026\/03\/17\/furto-de-cavalo-pode-ter-motivado-tiroteio-que-terminou-com-jovens-baleados-em-timoteo\/","title":{"rendered":"Furto de cavalo pode ter motivado tiroteio que terminou com jovens baleados em Tim\u00f3teo"},"content":{"rendered":"\n<p>O furto de um cavalo pode ter motivado a tentativa de homic\u00eddio que terminou com quatro jovens feridos em Tim\u00f3teo. As v\u00edtimas t\u00eam 16, 17 e 18 anos.<\/p>\n\n\n\n<p>Nesta segunda-feira (16), a Pol\u00edcia Militar deu detalhes sobre o crime, que foi registrado na noite do \u00faltimo s\u00e1bado (14).<\/p>\n\n\n\n<p>Segundo o major F\u00e1bio Jos\u00e9 Castro Oliveira, subcomandante do 58\u2070 BPM, durante a noite, o Centro de Opera\u00e7\u00f5es Pol\u00edcias Militares (Copom) foi informado de que v\u00e1rios tiros haviam sido disparados pr\u00f3ximos \u00e0 passarela que liga os bairros Alegre e Nova Esperan\u00e7a.<\/p>\n\n\n\n<p>\u201cEquipes policiais se deslocaram prontamente ao local dos fatos, onde localizaram duas v\u00edtimas feridas, ambas com 16 anos de idade. Os militares socorreram os dois imediatamente e os encaminharam ao hospital.\u201d<\/p>\n\n\n\n<p>Durante os levantamentos, a PM foi informada de que uma terceira v\u00edtima havia sido socorrida por familiares e levada ao hospital.<\/p>\n\n\n\n<p>\u201cSegundo informa\u00e7\u00f5es recebidas, as v\u00edtimas estavam sentadas na passarela quando dois indiv\u00edduos se aproximaram em uma motocicleta vermelha, sendo que o passageiro efetuou disparos de arma de fogo. Ap\u00f3s os disparos, os autores fugiram em sentido ao bairro Alegre. Informa\u00e7\u00f5es colhidas pelos militares indicam que a poss\u00edvel motiva\u00e7\u00e3o do crime seria o furto de um cavalo.\u201d<\/p>\n\n\n\n<p>De acordo com o major, as buscas pelos criminosos contaram com v\u00e1rias equipes da PM, e um suspeito foi identificado. Durante as buscas por ele, na comunidade de Baixa Verde, no munic\u00edpio de Dion\u00edsio, foram utilizados barcos e feitas incurs\u00f5es em \u00e1rea de mata.<\/p>\n\n\n\n<p>\u201cNo local onde o suspeito estava escondido, foram localizadas e apreendidas diversas muni\u00e7\u00f5es de diferentes calibres, al\u00e9m de armas artesanais.\u201d<\/p>\n\n\n\n<p>Al\u00e9m do material mencionado pelo major, foram recolhidos r\u00e1dios comunicadores e c\u00e2meras usadas para ca\u00e7a.<\/p>\n\n\n\n<p>A per\u00edcia da Pol\u00edcia Civil esteve no local do crime e recolheu cinco muni\u00e7\u00f5es.<\/p>\n\n\n\n<p>Sobre as v\u00edtimas, o subcomandante do 58\u00ba BPM informou que uma passou por cirurgia e permanecia em estado est\u00e1vel. As outras duas ficaram em observa\u00e7\u00e3o m\u00e9dica.<\/p>\n\n\n\n<p>\u201cAs dilig\u00eancias seguem em andamento com o objetivo de localizar e prender os envolvidos\u201d, disse o major.<\/p>\n","protected":false},"excerpt":{"rendered":"<p>O furto de um cavalo pode ter motivado a tentativa de homic\u00eddio que terminou com quatro jovens feridos em Tim\u00f3teo. As v\u00edtimas t\u00eam 16, 17 e 18 anos. Nesta segunda-feira (16), a Pol\u00edcia Militar deu detalhes sobre o crime, que foi registrado na noite do \u00faltimo s\u00e1bado (14). Segundo o major F\u00e1bio Jos\u00e9 Castro Oliveira, [&hellip;]<\/p>\n","protected":false},"author":2,"featured_media":9500,"comment_status":"open","ping_status":"open","sticky":false,"template":"","format":"standard","meta":{"footnotes":""},"categories":[5],"tags":[],"class_list":["post-9499","post","type-post","status-publish","format-standard","has-post-thumbnail","hentry","category-noticias"],"wpmagazine_modules_lite_featured_media_urls":{"thumbnail":["https:\/\/radioclubedeinhapim.com.br\/wp-content\/uploads\/2026\/03\/Copia-de-Inserir-um-subtitulo-12-150x150.jpg",150,150,true],"cvmm-medium":["https:\/\/radioclubedeinhapim.com.br\/wp-content\/uploads\/2026\/03\/Copia-de-Inserir-um-subtitulo-12-300x300.jpg",300,300,true],"cvmm-medium-plus":["https:\/\/radioclubedeinhapim.com.br\/wp-content\/uploads\/2026\/03\/Copia-de-Inserir-um-subtitulo-12-305x207.jpg",305,207,true],"cvmm-portrait":["https:\/\/radioclubedeinhapim.com.br\/wp-content\/uploads\/2026\/03\/Copia-de-Inserir-um-subtitulo-12-400x600.jpg",400,600,true],"cvmm-medium-square":["https:\/\/radioclubedeinhapim.com.br\/wp-content\/uploads\/2026\/03\/Copia-de-Inserir-um-subtitulo-12-600x600.jpg",600,600,true],"cvmm-large":["https:\/\/radioclubedeinhapim.com.br\/wp-content\/uploads\/2026\/03\/Copia-de-Inserir-um-subtitulo-12-1024x1024.jpg",1024,1024,true],"cvmm-small":["https:\/\/radioclubedeinhapim.com.br\/wp-content\/uploads\/2026\/03\/Copia-de-Inserir-um-subtitulo-12-130x95.jpg",130,95,true],"full":["https:\/\/radioclubedeinhapim.com.br\/wp-content\/uploads\/2026\/03\/Copia-de-Inserir-um-subtitulo-12.jpg",1080,1080,false]},"categories_names":{"5":{"name":"Not\u00edcias","link":"https:\/\/radioclubedeinhapim.com.br\/index.php\/category\/noticias\/"}},"tags_names":[],"comments_number":"0","_links":{"self":[{"href":"https:\/\/radioclubedeinhapim.com.br\/index.php\/wp-json\/wp\/v2\/posts\/9499","targetHints":{"allow":["GET"]}}],"collection":[{"href":"https:\/\/radioclubedeinhapim.com.br\/index.php\/wp-json\/wp\/v2\/posts"}],"about":[{"href":"https:\/\/radioclubedeinhapim.com.br\/index.php\/wp-json\/wp\/v2\/types\/post"}],"author":[{"embeddable":true,"href":"https:\/\/radioclubedeinhapim.com.br\/index.php\/wp-json\/wp\/v2\/users\/2"}],"replies":[{"embeddable":true,"href":"https:\/\/radioclubedeinhapim.com.br\/index.php\/wp-json\/wp\/v2\/comments?post=9499"}],"version-history":[{"count":1,"href":"https:\/\/radioclubedeinhapim.com.br\/index.php\/wp-json\/wp\/v2\/posts\/9499\/revisions"}],"predecessor-version":[{"id":9501,"href":"https:\/\/radioclubedeinhapim.com.br\/index.php\/wp-json\/wp\/v2\/posts\/9499\/revisions\/9501"}],"wp:featuredmedia":[{"embeddable":true,"href":"https:\/\/radioclubedeinhapim.com.br\/index.php\/wp-json\/wp\/v2\/media\/9500"}],"wp:attachment":[{"href":"https:\/\/radioclubedeinhapim.com.br\/index.php\/wp-json\/wp\/v2\/media?parent=9499"}],"wp:term":[{"taxonomy":"category","embeddable":true,"href":"https:\/\/radioclubedeinhapim.com.br\/index.php\/wp-json\/wp\/v2\/categories?post=9499"},{"taxonomy":"post_tag","embeddable":true,"href":"https:\/\/radioclubedeinhapim.com.br\/index.php\/wp-json\/wp\/v2\/tags?post=9499"}],"curies":[{"name":"wp","href":"https:\/\/api.w.org\/{rel}","templated":true}]}}