{"id":9508,"date":"2026-03-17T09:31:30","date_gmt":"2026-03-17T12:31:30","guid":{"rendered":"https:\/\/radioclubedeinhapim.com.br\/?p=9508"},"modified":"2026-03-17T09:31:30","modified_gmt":"2026-03-17T12:31:30","slug":"motorista-morre-apos-carro-sair-da-pista-e-capotar-em-chale","status":"publish","type":"post","link":"https:\/\/radioclubedeinhapim.com.br\/index.php\/2026\/03\/17\/motorista-morre-apos-carro-sair-da-pista-e-capotar-em-chale\/","title":{"rendered":"Motorista morre ap\u00f3s carro sair da pista e capotar em Chal\u00e9"},"content":{"rendered":"\n<p>Um homem de 47 anos morreu em um acidente de tr\u00e2nsito registrado na noite de domingo (15) na rodovia LMG-822, na altura do quil\u00f4metro 6, na zona rural de Chal\u00e9.<\/p>\n\n\n\n<p>De acordo com a Pol\u00edcia Militar, o motorista conduzia um Fiat Uno quando perdeu o controle da dire\u00e7\u00e3o, saiu da pista, bateu contra uma \u00e1rvore e o ve\u00edculo capotou.<\/p>\n\n\n\n<p>O condutor ficou preso sob o autom\u00f3vel e n\u00e3o resistiu aos ferimentos, morrendo no local. Um passageiro, de 27 anos, foi socorrido por populares e encaminhado para atendimento m\u00e9dico.<\/p>\n\n\n\n<p>Durante o atendimento da ocorr\u00eancia, um segundo ve\u00edculo, conduzido por um jovem de 22 anos, acabou colidindo com galhos que estavam espalhados na pista em decorr\u00eancia do primeiro acidente. O carro sofreu apenas danos materiais.<\/p>\n\n\n\n<p>O motorista desse segundo ve\u00edculo realizou o teste do baf\u00f4metro, que apresentou resultado negativo para ingest\u00e3o de \u00e1lcool.<\/p>\n\n\n\n<p>A per\u00edcia t\u00e9cnica da Pol\u00edcia Civil esteve no local e realizou os trabalhos de praxe. Ap\u00f3s os procedimentos, o corpo da v\u00edtima foi liberado para os servi\u00e7os funer\u00e1rios.<\/p>\n\n\n\n<p>O ve\u00edculo envolvido no capotamento foi removido para um p\u00e1tio credenciado, e os pertences da v\u00edtima foram entregues a um familiar.<\/p>\n","protected":false},"excerpt":{"rendered":"<p>Um homem de 47 anos morreu em um acidente de tr\u00e2nsito registrado na noite de domingo (15) na rodovia LMG-822, na altura do quil\u00f4metro 6, na zona rural de Chal\u00e9. De acordo com a Pol\u00edcia Militar, o motorista conduzia um Fiat Uno quando perdeu o controle da dire\u00e7\u00e3o, saiu da pista, bateu contra uma \u00e1rvore [&hellip;]<\/p>\n","protected":false},"author":2,"featured_media":9509,"comment_status":"open","ping_status":"open","sticky":false,"template":"","format":"standard","meta":{"footnotes":""},"categories":[5],"tags":[],"class_list":["post-9508","post","type-post","status-publish","format-standard","has-post-thumbnail","hentry","category-noticias"],"wpmagazine_modules_lite_featured_media_urls":{"thumbnail":["https:\/\/radioclubedeinhapim.com.br\/wp-content\/uploads\/2026\/03\/Copia-de-Inserir-um-subtitulo-17-150x150.jpg",150,150,true],"cvmm-medium":["https:\/\/radioclubedeinhapim.com.br\/wp-content\/uploads\/2026\/03\/Copia-de-Inserir-um-subtitulo-17-300x300.jpg",300,300,true],"cvmm-medium-plus":["https:\/\/radioclubedeinhapim.com.br\/wp-content\/uploads\/2026\/03\/Copia-de-Inserir-um-subtitulo-17-305x207.jpg",305,207,true],"cvmm-portrait":["https:\/\/radioclubedeinhapim.com.br\/wp-content\/uploads\/2026\/03\/Copia-de-Inserir-um-subtitulo-17-400x600.jpg",400,600,true],"cvmm-medium-square":["https:\/\/radioclubedeinhapim.com.br\/wp-content\/uploads\/2026\/03\/Copia-de-Inserir-um-subtitulo-17-600x600.jpg",600,600,true],"cvmm-large":["https:\/\/radioclubedeinhapim.com.br\/wp-content\/uploads\/2026\/03\/Copia-de-Inserir-um-subtitulo-17-1024x1024.jpg",1024,1024,true],"cvmm-small":["https:\/\/radioclubedeinhapim.com.br\/wp-content\/uploads\/2026\/03\/Copia-de-Inserir-um-subtitulo-17-130x95.jpg",130,95,true],"full":["https:\/\/radioclubedeinhapim.com.br\/wp-content\/uploads\/2026\/03\/Copia-de-Inserir-um-subtitulo-17.jpg",1080,1080,false]},"categories_names":{"5":{"name":"Not\u00edcias","link":"https:\/\/radioclubedeinhapim.com.br\/index.php\/category\/noticias\/"}},"tags_names":[],"comments_number":"0","_links":{"self":[{"href":"https:\/\/radioclubedeinhapim.com.br\/index.php\/wp-json\/wp\/v2\/posts\/9508","targetHints":{"allow":["GET"]}}],"collection":[{"href":"https:\/\/radioclubedeinhapim.com.br\/index.php\/wp-json\/wp\/v2\/posts"}],"about":[{"href":"https:\/\/radioclubedeinhapim.com.br\/index.php\/wp-json\/wp\/v2\/types\/post"}],"author":[{"embeddable":true,"href":"https:\/\/radioclubedeinhapim.com.br\/index.php\/wp-json\/wp\/v2\/users\/2"}],"replies":[{"embeddable":true,"href":"https:\/\/radioclubedeinhapim.com.br\/index.php\/wp-json\/wp\/v2\/comments?post=9508"}],"version-history":[{"count":1,"href":"https:\/\/radioclubedeinhapim.com.br\/index.php\/wp-json\/wp\/v2\/posts\/9508\/revisions"}],"predecessor-version":[{"id":9510,"href":"https:\/\/radioclubedeinhapim.com.br\/index.php\/wp-json\/wp\/v2\/posts\/9508\/revisions\/9510"}],"wp:featuredmedia":[{"embeddable":true,"href":"https:\/\/radioclubedeinhapim.com.br\/index.php\/wp-json\/wp\/v2\/media\/9509"}],"wp:attachment":[{"href":"https:\/\/radioclubedeinhapim.com.br\/index.php\/wp-json\/wp\/v2\/media?parent=9508"}],"wp:term":[{"taxonomy":"category","embeddable":true,"href":"https:\/\/radioclubedeinhapim.com.br\/index.php\/wp-json\/wp\/v2\/categories?post=9508"},{"taxonomy":"post_tag","embeddable":true,"href":"https:\/\/radioclubedeinhapim.com.br\/index.php\/wp-json\/wp\/v2\/tags?post=9508"}],"curies":[{"name":"wp","href":"https:\/\/api.w.org\/{rel}","templated":true}]}}