{"id":9512,"date":"2026-03-17T12:53:34","date_gmt":"2026-03-17T15:53:34","guid":{"rendered":"https:\/\/radioclubedeinhapim.com.br\/?p=9512"},"modified":"2026-03-17T12:53:34","modified_gmt":"2026-03-17T15:53:34","slug":"em-uma-acao-rapida-da-pmmg-adolescentes-sao-identificados-e-apreendidos-apos-ameaca-na-porta-de-escola-estadual-em-caratinga","status":"publish","type":"post","link":"https:\/\/radioclubedeinhapim.com.br\/index.php\/2026\/03\/17\/em-uma-acao-rapida-da-pmmg-adolescentes-sao-identificados-e-apreendidos-apos-ameaca-na-porta-de-escola-estadual-em-caratinga\/","title":{"rendered":"EM UMA A\u00c7\u00c3O R\u00c1PIDA DA PMMG, ADOLESCENTES S\u00c3O IDENTIFICADOS E APREENDIDOS AP\u00d3S AMEA\u00c7A NA PORTA DE ESCOLA ESTADUAL EM CARATINGA"},"content":{"rendered":"\n<p>No in\u00edcio da tarde, a Pol\u00edcia Militar de Minas Gerais foi acionada para comparecer \u00e0 Escola Estadual Deputado Jos\u00e9 Augusto Ferreira, conhecida como \u201cEstadual\u201d, localizada na Rua Deputado Jos\u00e9 Augusto Ferreira, em Caratinga\/MG, ap\u00f3s den\u00fancia de que dois indiv\u00edduos estariam em atitude suspeita nas proximidades da unidade de ensino.<\/p>\n\n\n\n<p>De acordo com informa\u00e7\u00f5es repassadas pelo diretor da escola, alguns alunos relataram ter visto dois indiv\u00edduos nas imedia\u00e7\u00f5es do local, aparentemente ajustando algo na cintura semelhante a uma arma de fogo, o que gerou preocupa\u00e7\u00e3o entre estudantes e funcion\u00e1rios.<\/p>\n\n\n\n<p>Imagens obtidas no local indicaram que dois adolescentes, um de 16 anos e outro de 15 anos, chegaram a adentrar parcialmente nas depend\u00eancias da escola e observaram uma das laterais do pr\u00e9dio escolar, levantando suspeitas sobre suas inten\u00e7\u00f5es.<\/p>\n\n\n\n<p>No final da tarde, durante novos contatos com a dire\u00e7\u00e3o escolar, foi identificado que um adolescente de 15 anos seria a poss\u00edvel v\u00edtima da amea\u00e7a. Segundo apurado, a motiva\u00e7\u00e3o estaria relacionada a quest\u00f5es de ordem passional, uma vez que o jovem estaria em um relacionamento com a ex-namorada de um dos suspeitos.<\/p>\n\n\n\n<p>Diante das informa\u00e7\u00f5es, equipes do 62\u00ba Batalh\u00e3o da Pol\u00edcia Militar iniciaram dilig\u00eancias para esclarecimento dos fatos, conseguindo localizar o adolescente de 16 anos, que confirmou ter ido ao local com o intuito de intimidar a v\u00edtima. Ele relatou aos militares que possu\u00eda uma r\u00e9plica de arma de fogo do tipo airsoft, utilizada para causar intimida\u00e7\u00e3o, inicialmente, relatou que, ap\u00f3s o fato, por temer ser \u201cpreso\u201d teria jogado o objeto no rio.<\/p>\n\n\n\n<p>Contudo, ainda durante a abordagem, o adolescente, ap\u00f3s intenso trabalho realizado pelos militares, acabou por indicar aos policiais o local onde a r\u00e9plica estaria guardada, assim sendo o objeto posteriormente localizado e apreendido.<\/p>\n\n\n\n<p>A ocorr\u00eancia foi registrada, sendo todas as medidas legais pertinentes adotadas pelos policiais militares e repassado as autoridades competentes para ado\u00e7\u00e3o das provid\u00eancias jur\u00eddicas cab\u00edveis.<\/p>\n","protected":false},"excerpt":{"rendered":"<p>No in\u00edcio da tarde, a Pol\u00edcia Militar de Minas Gerais foi acionada para comparecer \u00e0 Escola Estadual Deputado Jos\u00e9 Augusto Ferreira, conhecida como \u201cEstadual\u201d, localizada na Rua Deputado Jos\u00e9 Augusto Ferreira, em Caratinga\/MG, ap\u00f3s den\u00fancia de que dois indiv\u00edduos estariam em atitude suspeita nas proximidades da unidade de ensino. De acordo com informa\u00e7\u00f5es repassadas pelo [&hellip;]<\/p>\n","protected":false},"author":2,"featured_media":9513,"comment_status":"open","ping_status":"open","sticky":false,"template":"","format":"standard","meta":{"footnotes":""},"categories":[5],"tags":[],"class_list":["post-9512","post","type-post","status-publish","format-standard","has-post-thumbnail","hentry","category-noticias"],"wpmagazine_modules_lite_featured_media_urls":{"thumbnail":["https:\/\/radioclubedeinhapim.com.br\/wp-content\/uploads\/2026\/03\/Copia-de-Inserir-um-subtitulo-2026-03-17T095635.619-150x150.jpg",150,150,true],"cvmm-medium":["https:\/\/radioclubedeinhapim.com.br\/wp-content\/uploads\/2026\/03\/Copia-de-Inserir-um-subtitulo-2026-03-17T095635.619-300x300.jpg",300,300,true],"cvmm-medium-plus":["https:\/\/radioclubedeinhapim.com.br\/wp-content\/uploads\/2026\/03\/Copia-de-Inserir-um-subtitulo-2026-03-17T095635.619-305x207.jpg",305,207,true],"cvmm-portrait":["https:\/\/radioclubedeinhapim.com.br\/wp-content\/uploads\/2026\/03\/Copia-de-Inserir-um-subtitulo-2026-03-17T095635.619-400x600.jpg",400,600,true],"cvmm-medium-square":["https:\/\/radioclubedeinhapim.com.br\/wp-content\/uploads\/2026\/03\/Copia-de-Inserir-um-subtitulo-2026-03-17T095635.619-600x600.jpg",600,600,true],"cvmm-large":["https:\/\/radioclubedeinhapim.com.br\/wp-content\/uploads\/2026\/03\/Copia-de-Inserir-um-subtitulo-2026-03-17T095635.619-1024x1024.jpg",1024,1024,true],"cvmm-small":["https:\/\/radioclubedeinhapim.com.br\/wp-content\/uploads\/2026\/03\/Copia-de-Inserir-um-subtitulo-2026-03-17T095635.619-130x95.jpg",130,95,true],"full":["https:\/\/radioclubedeinhapim.com.br\/wp-content\/uploads\/2026\/03\/Copia-de-Inserir-um-subtitulo-2026-03-17T095635.619.jpg",1080,1080,false]},"categories_names":{"5":{"name":"Not\u00edcias","link":"https:\/\/radioclubedeinhapim.com.br\/index.php\/category\/noticias\/"}},"tags_names":[],"comments_number":"0","_links":{"self":[{"href":"https:\/\/radioclubedeinhapim.com.br\/index.php\/wp-json\/wp\/v2\/posts\/9512","targetHints":{"allow":["GET"]}}],"collection":[{"href":"https:\/\/radioclubedeinhapim.com.br\/index.php\/wp-json\/wp\/v2\/posts"}],"about":[{"href":"https:\/\/radioclubedeinhapim.com.br\/index.php\/wp-json\/wp\/v2\/types\/post"}],"author":[{"embeddable":true,"href":"https:\/\/radioclubedeinhapim.com.br\/index.php\/wp-json\/wp\/v2\/users\/2"}],"replies":[{"embeddable":true,"href":"https:\/\/radioclubedeinhapim.com.br\/index.php\/wp-json\/wp\/v2\/comments?post=9512"}],"version-history":[{"count":1,"href":"https:\/\/radioclubedeinhapim.com.br\/index.php\/wp-json\/wp\/v2\/posts\/9512\/revisions"}],"predecessor-version":[{"id":9514,"href":"https:\/\/radioclubedeinhapim.com.br\/index.php\/wp-json\/wp\/v2\/posts\/9512\/revisions\/9514"}],"wp:featuredmedia":[{"embeddable":true,"href":"https:\/\/radioclubedeinhapim.com.br\/index.php\/wp-json\/wp\/v2\/media\/9513"}],"wp:attachment":[{"href":"https:\/\/radioclubedeinhapim.com.br\/index.php\/wp-json\/wp\/v2\/media?parent=9512"}],"wp:term":[{"taxonomy":"category","embeddable":true,"href":"https:\/\/radioclubedeinhapim.com.br\/index.php\/wp-json\/wp\/v2\/categories?post=9512"},{"taxonomy":"post_tag","embeddable":true,"href":"https:\/\/radioclubedeinhapim.com.br\/index.php\/wp-json\/wp\/v2\/tags?post=9512"}],"curies":[{"name":"wp","href":"https:\/\/api.w.org\/{rel}","templated":true}]}}