{"id":9515,"date":"2026-03-17T12:54:04","date_gmt":"2026-03-17T15:54:04","guid":{"rendered":"https:\/\/radioclubedeinhapim.com.br\/?p=9515"},"modified":"2026-03-17T12:54:04","modified_gmt":"2026-03-17T15:54:04","slug":"tribunal-do-juri-de-inhapim-condena-reu-a-57-anos-e-2-meses-por-dupla-tentativa-de-homicidio-qualificado-trafico-de-drogas-associacao-para-o-trafico-e-corrupcao-de-menores","status":"publish","type":"post","link":"https:\/\/radioclubedeinhapim.com.br\/index.php\/2026\/03\/17\/tribunal-do-juri-de-inhapim-condena-reu-a-57-anos-e-2-meses-por-dupla-tentativa-de-homicidio-qualificado-trafico-de-drogas-associacao-para-o-trafico-e-corrupcao-de-menores\/","title":{"rendered":"Tribunal do J\u00fari de Inhapim condena r\u00e9u a 57 anos e 2 meses por dupla tentativa de homic\u00eddio qualificado, tr\u00e1fico de drogas, associa\u00e7\u00e3o para o tr\u00e1fico e corrup\u00e7\u00e3o de menores"},"content":{"rendered":"\n<p>O Tribunal do J\u00fari da Comarca de Inhapim condenou, nesta segunda-feira (16\/03\/2026), um r\u00e9u denunciado pelo Minist\u00e9rio P\u00fablico de Minas Gerais por duas tentativas de homic\u00eddio qualificado, tr\u00e1fico de drogas, associa\u00e7\u00e3o para o tr\u00e1fico e corrup\u00e7\u00e3o de menores. Ao final do julgamento, a pena foi fixada em 57 anos e 2 meses de reclus\u00e3o, em decis\u00e3o considerada de grande impacto no combate \u00e0 criminalidade na regi\u00e3o.<\/p>\n\n\n\n<p>A acusa\u00e7\u00e3o em plen\u00e1rio foi sustentada pelos promotores de Justi\u00e7a, que atuaram em nome do Minist\u00e9rio P\u00fablico e conseguiram a condena\u00e7\u00e3o. Durante a sess\u00e3o, mantiveram postura firme e serena na sustenta\u00e7\u00e3o oral, mesmo diante de comportamento intimidat\u00f3rio atribu\u00eddo ao r\u00e9u, dando continuidade \u00e0 defesa da tese acusat\u00f3ria apresentada.<\/p>\n\n\n\n<p>De acordo com a den\u00fancia, os fatos est\u00e3o relacionados a uma organiza\u00e7\u00e3o criminosa voltada ao tr\u00e1fico de drogas na regi\u00e3o de Dom Cavati. As investiga\u00e7\u00f5es apontam que as v\u00edtimas da dupla tentativa de homic\u00eddio foram atacadas no dia 5 de mar\u00e7o de 2025, no bairro Morro da Espanha, em um contexto ligado \u00e0 disputa pelo controle do com\u00e9rcio ilegal de entorpecentes. Segundo o Minist\u00e9rio P\u00fablico, o crime foi praticado por motivo torpe e com recurso que dificultou a defesa das v\u00edtimas.<\/p>\n\n\n\n<p>Ainda conforme a den\u00fancia, o r\u00e9u tamb\u00e9m integrava uma associa\u00e7\u00e3o criminosa est\u00e1vel voltada ao tr\u00e1fico, mantendo v\u00ednculo com a comercializa\u00e7\u00e3o de drogas e com outros envolvidos, inclusive com participa\u00e7\u00e3o de adolescente, o que fundamentou a acusa\u00e7\u00e3o por corrup\u00e7\u00e3o de menores.<\/p>\n\n\n\n<p>Durante as investiga\u00e7\u00f5es, foram apreendidas quantidades significativas de drogas, como crack, coca\u00edna e maconha, al\u00e9m de muni\u00e7\u00f5es, arma de fogo, balan\u00e7as de precis\u00e3o, materiais para embalagem e celulares. Esses elementos refor\u00e7aram a tese de tr\u00e1fico e associa\u00e7\u00e3o criminosa.<\/p>\n\n\n\n<p>Para o Minist\u00e9rio P\u00fablico, a condena\u00e7\u00e3o reafirma a atua\u00e7\u00e3o firme da Justi\u00e7a no enfrentamento \u00e0 criminalidade violenta e ao tr\u00e1fico de drogas, especialmente em casos que envolvem ataques \u00e0 vida e o uso de menores em atividades il\u00edcitas.<\/p>\n","protected":false},"excerpt":{"rendered":"<p>O Tribunal do J\u00fari da Comarca de Inhapim condenou, nesta segunda-feira (16\/03\/2026), um r\u00e9u denunciado pelo Minist\u00e9rio P\u00fablico de Minas Gerais por duas tentativas de homic\u00eddio qualificado, tr\u00e1fico de drogas, associa\u00e7\u00e3o para o tr\u00e1fico e corrup\u00e7\u00e3o de menores. Ao final do julgamento, a pena foi fixada em 57 anos e 2 meses de reclus\u00e3o, em [&hellip;]<\/p>\n","protected":false},"author":2,"featured_media":9516,"comment_status":"open","ping_status":"open","sticky":false,"template":"","format":"standard","meta":{"footnotes":""},"categories":[5],"tags":[],"class_list":["post-9515","post","type-post","status-publish","format-standard","has-post-thumbnail","hentry","category-noticias"],"wpmagazine_modules_lite_featured_media_urls":{"thumbnail":["https:\/\/radioclubedeinhapim.com.br\/wp-content\/uploads\/2026\/03\/Copia-de-Inserir-um-subtitulo-2026-03-17T101021.571-150x150.jpg",150,150,true],"cvmm-medium":["https:\/\/radioclubedeinhapim.com.br\/wp-content\/uploads\/2026\/03\/Copia-de-Inserir-um-subtitulo-2026-03-17T101021.571-300x300.jpg",300,300,true],"cvmm-medium-plus":["https:\/\/radioclubedeinhapim.com.br\/wp-content\/uploads\/2026\/03\/Copia-de-Inserir-um-subtitulo-2026-03-17T101021.571-305x207.jpg",305,207,true],"cvmm-portrait":["https:\/\/radioclubedeinhapim.com.br\/wp-content\/uploads\/2026\/03\/Copia-de-Inserir-um-subtitulo-2026-03-17T101021.571-400x600.jpg",400,600,true],"cvmm-medium-square":["https:\/\/radioclubedeinhapim.com.br\/wp-content\/uploads\/2026\/03\/Copia-de-Inserir-um-subtitulo-2026-03-17T101021.571-600x600.jpg",600,600,true],"cvmm-large":["https:\/\/radioclubedeinhapim.com.br\/wp-content\/uploads\/2026\/03\/Copia-de-Inserir-um-subtitulo-2026-03-17T101021.571-1024x1024.jpg",1024,1024,true],"cvmm-small":["https:\/\/radioclubedeinhapim.com.br\/wp-content\/uploads\/2026\/03\/Copia-de-Inserir-um-subtitulo-2026-03-17T101021.571-130x95.jpg",130,95,true],"full":["https:\/\/radioclubedeinhapim.com.br\/wp-content\/uploads\/2026\/03\/Copia-de-Inserir-um-subtitulo-2026-03-17T101021.571.jpg",1080,1080,false]},"categories_names":{"5":{"name":"Not\u00edcias","link":"https:\/\/radioclubedeinhapim.com.br\/index.php\/category\/noticias\/"}},"tags_names":[],"comments_number":"0","_links":{"self":[{"href":"https:\/\/radioclubedeinhapim.com.br\/index.php\/wp-json\/wp\/v2\/posts\/9515","targetHints":{"allow":["GET"]}}],"collection":[{"href":"https:\/\/radioclubedeinhapim.com.br\/index.php\/wp-json\/wp\/v2\/posts"}],"about":[{"href":"https:\/\/radioclubedeinhapim.com.br\/index.php\/wp-json\/wp\/v2\/types\/post"}],"author":[{"embeddable":true,"href":"https:\/\/radioclubedeinhapim.com.br\/index.php\/wp-json\/wp\/v2\/users\/2"}],"replies":[{"embeddable":true,"href":"https:\/\/radioclubedeinhapim.com.br\/index.php\/wp-json\/wp\/v2\/comments?post=9515"}],"version-history":[{"count":1,"href":"https:\/\/radioclubedeinhapim.com.br\/index.php\/wp-json\/wp\/v2\/posts\/9515\/revisions"}],"predecessor-version":[{"id":9517,"href":"https:\/\/radioclubedeinhapim.com.br\/index.php\/wp-json\/wp\/v2\/posts\/9515\/revisions\/9517"}],"wp:featuredmedia":[{"embeddable":true,"href":"https:\/\/radioclubedeinhapim.com.br\/index.php\/wp-json\/wp\/v2\/media\/9516"}],"wp:attachment":[{"href":"https:\/\/radioclubedeinhapim.com.br\/index.php\/wp-json\/wp\/v2\/media?parent=9515"}],"wp:term":[{"taxonomy":"category","embeddable":true,"href":"https:\/\/radioclubedeinhapim.com.br\/index.php\/wp-json\/wp\/v2\/categories?post=9515"},{"taxonomy":"post_tag","embeddable":true,"href":"https:\/\/radioclubedeinhapim.com.br\/index.php\/wp-json\/wp\/v2\/tags?post=9515"}],"curies":[{"name":"wp","href":"https:\/\/api.w.org\/{rel}","templated":true}]}}