{"id":966,"date":"2024-07-29T11:43:47","date_gmt":"2024-07-29T14:43:47","guid":{"rendered":"https:\/\/radioclubedeinhapim.com.br\/?p=966"},"modified":"2024-07-29T11:43:47","modified_gmt":"2024-07-29T14:43:47","slug":"garcom-brasileiro-e-assassinado-apos-defender-mulheres-em-portugal","status":"publish","type":"post","link":"https:\/\/radioclubedeinhapim.com.br\/index.php\/2024\/07\/29\/garcom-brasileiro-e-assassinado-apos-defender-mulheres-em-portugal\/","title":{"rendered":"Gar\u00e7om brasileiro \u00e9 assassinado ap\u00f3s defender mulheres em Portugal"},"content":{"rendered":"\n<p>Um jovem brasileiro, que trabalhava como gar\u00e7om em Portugal, foi assassinado momentos depois de defender mulheres que estariam sendo importunadas no restaurante, no litoral da regi\u00e3o metropolitana de Lisboa.<\/p>\n\n\n\n<p>O crime, registrado no fim da noite de ter\u00e7a-feira (23), foi confirmado ao g1 pela irm\u00e3 dele, Kesilley Cristina, que tamb\u00e9m trabalha no estabelecimento, localizado na praia de Carcavelos.<\/p>\n\n\n\n<p>Ela <a><\/a>disse que j\u00e1 tinha ido para casa quando Kildery Eduardo Ferreira da Silva, de 21 anos, foi esfaqueado. Pouco antes de deixar o expediente, ele teria chamado a aten\u00e7\u00e3o de outros jovens que estariam assediando duas clientes.<\/p>\n\n\n\n<p>De acordo com Kesilley Cristina, irm\u00e3 da v\u00edtima, tinha um grupo de rapazes mexendo com duas mulheres. Kildery foi interromper, pediu para parar, eles pararam. Depois ele ligou para a irm\u00e3e e pediu que ela chamasse um Uber para ele.<\/p>\n\n\n\n<p>Kildery ficou no estacionamento esperando, momento em que os rapazes continuaram a mexer com as meninas e ele pediu novamente para pararem e os rapazes perguntaram se ele queria ser agredido tamb\u00e9m e nisso eles deram uma facada nele.<\/p>\n\n\n\n<p>Kildery chegou a ser socorrido por uma equipe de bombeiros, mas n\u00e3o morreu ainda no local. Ele trabalhava no restaurante h\u00e1 quatro meses.<\/p>\n\n\n\n<p>Ainda segundo Cristina, nem ela, nem o irm\u00e3o, conheciam os rapazes. Um deles foi preso na madrugada seguinte, depois de se apresentar \u00e0 pol\u00edcia. Ele \u00e9 quem teria dado a facada fatal em Kildery. Os detalhes do depoimento do suspeito n\u00e3o foram divulgados.<\/p>\n\n\n\n<p>De acordo com a imprensa local, o suspeito preso foi encaminhado para a Sec\u00e7\u00e3o de Homic\u00eddios da Pol\u00edcia Judici\u00e1ria (PJ) de Lisboa e Vale do Tejo e ser\u00e1 interrogado nesta quinta-feira (25) pela justi\u00e7a do Tribunal de Cascais.<\/p>\n","protected":false},"excerpt":{"rendered":"<p>Um jovem brasileiro, que trabalhava como gar\u00e7om em Portugal, foi assassinado momentos depois de defender mulheres que estariam sendo importunadas no restaurante, no litoral da regi\u00e3o metropolitana de Lisboa. O crime, registrado no fim da noite de ter\u00e7a-feira (23), foi confirmado ao g1 pela irm\u00e3 dele, Kesilley Cristina, que tamb\u00e9m trabalha no estabelecimento, localizado na [&hellip;]<\/p>\n","protected":false},"author":2,"featured_media":967,"comment_status":"open","ping_status":"open","sticky":false,"template":"","format":"standard","meta":{"footnotes":""},"categories":[5],"tags":[],"class_list":["post-966","post","type-post","status-publish","format-standard","has-post-thumbnail","hentry","category-noticias"],"wpmagazine_modules_lite_featured_media_urls":{"thumbnail":["https:\/\/radioclubedeinhapim.com.br\/wp-content\/uploads\/2024\/07\/Copia-de-Inserir-um-subtitulo-2024-07-26T103102.376-150x150.jpg",150,150,true],"cvmm-medium":["https:\/\/radioclubedeinhapim.com.br\/wp-content\/uploads\/2024\/07\/Copia-de-Inserir-um-subtitulo-2024-07-26T103102.376-300x300.jpg",300,300,true],"cvmm-medium-plus":["https:\/\/radioclubedeinhapim.com.br\/wp-content\/uploads\/2024\/07\/Copia-de-Inserir-um-subtitulo-2024-07-26T103102.376-305x207.jpg",305,207,true],"cvmm-portrait":["https:\/\/radioclubedeinhapim.com.br\/wp-content\/uploads\/2024\/07\/Copia-de-Inserir-um-subtitulo-2024-07-26T103102.376-400x600.jpg",400,600,true],"cvmm-medium-square":["https:\/\/radioclubedeinhapim.com.br\/wp-content\/uploads\/2024\/07\/Copia-de-Inserir-um-subtitulo-2024-07-26T103102.376-600x600.jpg",600,600,true],"cvmm-large":["https:\/\/radioclubedeinhapim.com.br\/wp-content\/uploads\/2024\/07\/Copia-de-Inserir-um-subtitulo-2024-07-26T103102.376-1024x1024.jpg",1024,1024,true],"cvmm-small":["https:\/\/radioclubedeinhapim.com.br\/wp-content\/uploads\/2024\/07\/Copia-de-Inserir-um-subtitulo-2024-07-26T103102.376-130x95.jpg",130,95,true],"full":["https:\/\/radioclubedeinhapim.com.br\/wp-content\/uploads\/2024\/07\/Copia-de-Inserir-um-subtitulo-2024-07-26T103102.376.jpg",1080,1080,false]},"categories_names":{"5":{"name":"Not\u00edcias","link":"https:\/\/radioclubedeinhapim.com.br\/index.php\/category\/noticias\/"}},"tags_names":[],"comments_number":"0","_links":{"self":[{"href":"https:\/\/radioclubedeinhapim.com.br\/index.php\/wp-json\/wp\/v2\/posts\/966","targetHints":{"allow":["GET"]}}],"collection":[{"href":"https:\/\/radioclubedeinhapim.com.br\/index.php\/wp-json\/wp\/v2\/posts"}],"about":[{"href":"https:\/\/radioclubedeinhapim.com.br\/index.php\/wp-json\/wp\/v2\/types\/post"}],"author":[{"embeddable":true,"href":"https:\/\/radioclubedeinhapim.com.br\/index.php\/wp-json\/wp\/v2\/users\/2"}],"replies":[{"embeddable":true,"href":"https:\/\/radioclubedeinhapim.com.br\/index.php\/wp-json\/wp\/v2\/comments?post=966"}],"version-history":[{"count":1,"href":"https:\/\/radioclubedeinhapim.com.br\/index.php\/wp-json\/wp\/v2\/posts\/966\/revisions"}],"predecessor-version":[{"id":968,"href":"https:\/\/radioclubedeinhapim.com.br\/index.php\/wp-json\/wp\/v2\/posts\/966\/revisions\/968"}],"wp:featuredmedia":[{"embeddable":true,"href":"https:\/\/radioclubedeinhapim.com.br\/index.php\/wp-json\/wp\/v2\/media\/967"}],"wp:attachment":[{"href":"https:\/\/radioclubedeinhapim.com.br\/index.php\/wp-json\/wp\/v2\/media?parent=966"}],"wp:term":[{"taxonomy":"category","embeddable":true,"href":"https:\/\/radioclubedeinhapim.com.br\/index.php\/wp-json\/wp\/v2\/categories?post=966"},{"taxonomy":"post_tag","embeddable":true,"href":"https:\/\/radioclubedeinhapim.com.br\/index.php\/wp-json\/wp\/v2\/tags?post=966"}],"curies":[{"name":"wp","href":"https:\/\/api.w.org\/{rel}","templated":true}]}}