{"id":9773,"date":"2026-04-04T09:48:00","date_gmt":"2026-04-04T12:48:00","guid":{"rendered":"https:\/\/radioclubedeinhapim.com.br\/?p=9773"},"modified":"2026-04-04T09:48:00","modified_gmt":"2026-04-04T12:48:00","slug":"eleitor-tem-um-mes-para-regularizar-pendencias-e-ficar-apto-a-votar","status":"publish","type":"post","link":"https:\/\/radioclubedeinhapim.com.br\/index.php\/2026\/04\/04\/eleitor-tem-um-mes-para-regularizar-pendencias-e-ficar-apto-a-votar\/","title":{"rendered":"Eleitor tem um m\u00eas para regularizar pend\u00eancias e ficar apto a votar"},"content":{"rendered":"\n<p>O cidad\u00e3o que pretende tirar o t\u00edtulo de eleitor pela primeira vez ou alterar o local de vota\u00e7\u00e3o tem at\u00e9 o dia 6 de maio para regularizar suas pend\u00eancias na Justi\u00e7a Eleitoral.<\/p>\n\n\n\n<p>O prazo tamb\u00e9m vale para quem precisa regularizar o t\u00edtulo de eleitor a fim de votar nas elei\u00e7\u00f5es gerais de outubro, quando ser\u00e3o eleitos o presidente da Rep\u00fablica, o vice-presidente, governadores, senadores, deputados federais, estaduais e distritais.<\/p>\n\n\n\n<p>Para resolver as pend\u00eancias, o eleitor pode procurar o cart\u00f3rio eleitoral mais pr\u00f3ximo ou acessar o servi\u00e7o eletr\u00f4nico dispon\u00edvel no site do Tribunal Superior Eleitoral (TSE).<\/p>\n\n\n\n<p>Primeiro t\u00edtulo<\/p>\n\n\n\n<p>De acordo com a Constitui\u00e7\u00e3o, o voto \u00e9 obrigat\u00f3rio para quem tem entre 18 e 70 anos e facultativo para jovens entre 16 e 17 anos e idosos acima de 70 anos.<\/p>\n\n\n\n<p>Ap\u00f3s completar 15 anos, os jovens poder\u00e3o solicitar a emiss\u00e3o do t\u00edtulo de eleitor. Contudo, somente estar\u00e1 apto a votar quem tiver completado 16 anos na data da elei\u00e7\u00e3o.<\/p>\n\n\n\n<p>Ag\u00eancia Brasil<\/p>\n","protected":false},"excerpt":{"rendered":"<p>O cidad\u00e3o que pretende tirar o t\u00edtulo de eleitor pela primeira vez ou alterar o local de vota\u00e7\u00e3o tem at\u00e9 o dia 6 de maio para regularizar suas pend\u00eancias na Justi\u00e7a Eleitoral. O prazo tamb\u00e9m vale para quem precisa regularizar o t\u00edtulo de eleitor a fim de votar nas elei\u00e7\u00f5es gerais de outubro, quando ser\u00e3o [&hellip;]<\/p>\n","protected":false},"author":2,"featured_media":9774,"comment_status":"open","ping_status":"open","sticky":false,"template":"","format":"standard","meta":{"footnotes":""},"categories":[5],"tags":[],"class_list":["post-9773","post","type-post","status-publish","format-standard","has-post-thumbnail","hentry","category-noticias"],"wpmagazine_modules_lite_featured_media_urls":{"thumbnail":["https:\/\/radioclubedeinhapim.com.br\/wp-content\/uploads\/2026\/04\/qq-150x150.jpg",150,150,true],"cvmm-medium":["https:\/\/radioclubedeinhapim.com.br\/wp-content\/uploads\/2026\/04\/qq-300x300.jpg",300,300,true],"cvmm-medium-plus":["https:\/\/radioclubedeinhapim.com.br\/wp-content\/uploads\/2026\/04\/qq-305x207.jpg",305,207,true],"cvmm-portrait":["https:\/\/radioclubedeinhapim.com.br\/wp-content\/uploads\/2026\/04\/qq-400x600.jpg",400,600,true],"cvmm-medium-square":["https:\/\/radioclubedeinhapim.com.br\/wp-content\/uploads\/2026\/04\/qq-600x600.jpg",600,600,true],"cvmm-large":["https:\/\/radioclubedeinhapim.com.br\/wp-content\/uploads\/2026\/04\/qq-1024x1024.jpg",1024,1024,true],"cvmm-small":["https:\/\/radioclubedeinhapim.com.br\/wp-content\/uploads\/2026\/04\/qq-130x95.jpg",130,95,true],"full":["https:\/\/radioclubedeinhapim.com.br\/wp-content\/uploads\/2026\/04\/qq.jpg",1080,1080,false]},"categories_names":{"5":{"name":"Not\u00edcias","link":"https:\/\/radioclubedeinhapim.com.br\/index.php\/category\/noticias\/"}},"tags_names":[],"comments_number":"0","_links":{"self":[{"href":"https:\/\/radioclubedeinhapim.com.br\/index.php\/wp-json\/wp\/v2\/posts\/9773","targetHints":{"allow":["GET"]}}],"collection":[{"href":"https:\/\/radioclubedeinhapim.com.br\/index.php\/wp-json\/wp\/v2\/posts"}],"about":[{"href":"https:\/\/radioclubedeinhapim.com.br\/index.php\/wp-json\/wp\/v2\/types\/post"}],"author":[{"embeddable":true,"href":"https:\/\/radioclubedeinhapim.com.br\/index.php\/wp-json\/wp\/v2\/users\/2"}],"replies":[{"embeddable":true,"href":"https:\/\/radioclubedeinhapim.com.br\/index.php\/wp-json\/wp\/v2\/comments?post=9773"}],"version-history":[{"count":1,"href":"https:\/\/radioclubedeinhapim.com.br\/index.php\/wp-json\/wp\/v2\/posts\/9773\/revisions"}],"predecessor-version":[{"id":9775,"href":"https:\/\/radioclubedeinhapim.com.br\/index.php\/wp-json\/wp\/v2\/posts\/9773\/revisions\/9775"}],"wp:featuredmedia":[{"embeddable":true,"href":"https:\/\/radioclubedeinhapim.com.br\/index.php\/wp-json\/wp\/v2\/media\/9774"}],"wp:attachment":[{"href":"https:\/\/radioclubedeinhapim.com.br\/index.php\/wp-json\/wp\/v2\/media?parent=9773"}],"wp:term":[{"taxonomy":"category","embeddable":true,"href":"https:\/\/radioclubedeinhapim.com.br\/index.php\/wp-json\/wp\/v2\/categories?post=9773"},{"taxonomy":"post_tag","embeddable":true,"href":"https:\/\/radioclubedeinhapim.com.br\/index.php\/wp-json\/wp\/v2\/tags?post=9773"}],"curies":[{"name":"wp","href":"https:\/\/api.w.org\/{rel}","templated":true}]}}