{"id":983,"date":"2024-07-30T10:08:00","date_gmt":"2024-07-30T13:08:00","guid":{"rendered":"https:\/\/radioclubedeinhapim.com.br\/?p=983"},"modified":"2024-07-30T10:08:00","modified_gmt":"2024-07-30T13:08:00","slug":"mpmg-defere-pedido-liminar-em-acao-civil-publica-ambiental-contra-uma-fazenda-que-lancava-residuos-provenientes-do-beneficiamento-de-cafe-nas-aguas-do-corrego-do-anta","status":"publish","type":"post","link":"https:\/\/radioclubedeinhapim.com.br\/index.php\/2024\/07\/30\/mpmg-defere-pedido-liminar-em-acao-civil-publica-ambiental-contra-uma-fazenda-que-lancava-residuos-provenientes-do-beneficiamento-de-cafe-nas-aguas-do-corrego-do-anta\/","title":{"rendered":"MPMG defere pedido liminar em A\u00e7\u00e3o Civil P\u00fablica Ambiental contra uma fazenda que lan\u00e7ava res\u00edduos provenientes do beneficiamento de caf\u00e9 nas \u00e1guas do C\u00f3rrego do Anta."},"content":{"rendered":"\n<p>De acordo com o que foi apurado pelo MPMG, por interm\u00e9dio de Procedimento Administrativo, a ocorr\u00eancia de polui\u00e7\u00e3o h\u00eddrica causado pela parte r\u00e9, mediante lan\u00e7amento de efluentes do beneficiamento de caf\u00e9 nas \u00e1guas do C\u00f3rrego do Anta, Zona Rural de S\u00e3o Sebasti\u00e3o do Anta, a polui\u00e7\u00e3o h\u00eddrica ocorreu em um im\u00f3vel <a><\/a>rural, uma fazenda que est\u00e1 registrada como propriedade de pessoa jur\u00eddica, inserida no bioma Mata Atl\u00e2ntica.<\/p>\n\n\n\n<p>O processo tramita perante a 2\u00aa Vara C\u00edvel, Criminal e da Inf\u00e2ncia e Juventude da Comarca de Inhapim.<\/p>\n\n\n\n<p>A medida liminar deferida determinou ao requerido que procedesse com a suspens\u00e3o imediata de qualquer interven\u00e7\u00e3o, ou amplia\u00e7\u00e3o em interven\u00e7\u00e3o preexistente, em \u00e1reas protegidas; a desocupa\u00e7\u00e3o e isolamento das \u00e1reas protegidas, bem como proceder com a sua retifica\u00e7\u00e3o no Cadastro Ambiental Rural, no prazo de 30 (trinta) dias, com a devida comprova\u00e7\u00e3o nos autos.<\/p>\n\n\n\n<p>Na vis\u00e3o da Promotoria, esta atua\u00e7\u00e3o demonstra o empenho do Judici\u00e1rio e do Minist\u00e9rio P\u00fablico para coibir a pr\u00e1tica de crimes ambientais, a qual ser\u00e3o submetidos todos aqueles que praticarem tais infra\u00e7\u00f5es na Comarca de Inhapim MG.<\/p>\n","protected":false},"excerpt":{"rendered":"<p>De acordo com o que foi apurado pelo MPMG, por interm\u00e9dio de Procedimento Administrativo, a ocorr\u00eancia de polui\u00e7\u00e3o h\u00eddrica causado pela parte r\u00e9, mediante lan\u00e7amento de efluentes do beneficiamento de caf\u00e9 nas \u00e1guas do C\u00f3rrego do Anta, Zona Rural de S\u00e3o Sebasti\u00e3o do Anta, a polui\u00e7\u00e3o h\u00eddrica ocorreu em um im\u00f3vel rural, uma fazenda que [&hellip;]<\/p>\n","protected":false},"author":2,"featured_media":984,"comment_status":"open","ping_status":"open","sticky":false,"template":"","format":"standard","meta":{"footnotes":""},"categories":[5],"tags":[],"class_list":["post-983","post","type-post","status-publish","format-standard","has-post-thumbnail","hentry","category-noticias"],"wpmagazine_modules_lite_featured_media_urls":{"thumbnail":["https:\/\/radioclubedeinhapim.com.br\/wp-content\/uploads\/2024\/07\/Copia-de-Inserir-um-subtitulo-2024-07-30T095357.483-150x150.jpg",150,150,true],"cvmm-medium":["https:\/\/radioclubedeinhapim.com.br\/wp-content\/uploads\/2024\/07\/Copia-de-Inserir-um-subtitulo-2024-07-30T095357.483-300x300.jpg",300,300,true],"cvmm-medium-plus":["https:\/\/radioclubedeinhapim.com.br\/wp-content\/uploads\/2024\/07\/Copia-de-Inserir-um-subtitulo-2024-07-30T095357.483-305x207.jpg",305,207,true],"cvmm-portrait":["https:\/\/radioclubedeinhapim.com.br\/wp-content\/uploads\/2024\/07\/Copia-de-Inserir-um-subtitulo-2024-07-30T095357.483-400x600.jpg",400,600,true],"cvmm-medium-square":["https:\/\/radioclubedeinhapim.com.br\/wp-content\/uploads\/2024\/07\/Copia-de-Inserir-um-subtitulo-2024-07-30T095357.483-600x600.jpg",600,600,true],"cvmm-large":["https:\/\/radioclubedeinhapim.com.br\/wp-content\/uploads\/2024\/07\/Copia-de-Inserir-um-subtitulo-2024-07-30T095357.483-1024x1024.jpg",1024,1024,true],"cvmm-small":["https:\/\/radioclubedeinhapim.com.br\/wp-content\/uploads\/2024\/07\/Copia-de-Inserir-um-subtitulo-2024-07-30T095357.483-130x95.jpg",130,95,true],"full":["https:\/\/radioclubedeinhapim.com.br\/wp-content\/uploads\/2024\/07\/Copia-de-Inserir-um-subtitulo-2024-07-30T095357.483.jpg",1080,1080,false]},"categories_names":{"5":{"name":"Not\u00edcias","link":"https:\/\/radioclubedeinhapim.com.br\/index.php\/category\/noticias\/"}},"tags_names":[],"comments_number":"0","_links":{"self":[{"href":"https:\/\/radioclubedeinhapim.com.br\/index.php\/wp-json\/wp\/v2\/posts\/983","targetHints":{"allow":["GET"]}}],"collection":[{"href":"https:\/\/radioclubedeinhapim.com.br\/index.php\/wp-json\/wp\/v2\/posts"}],"about":[{"href":"https:\/\/radioclubedeinhapim.com.br\/index.php\/wp-json\/wp\/v2\/types\/post"}],"author":[{"embeddable":true,"href":"https:\/\/radioclubedeinhapim.com.br\/index.php\/wp-json\/wp\/v2\/users\/2"}],"replies":[{"embeddable":true,"href":"https:\/\/radioclubedeinhapim.com.br\/index.php\/wp-json\/wp\/v2\/comments?post=983"}],"version-history":[{"count":1,"href":"https:\/\/radioclubedeinhapim.com.br\/index.php\/wp-json\/wp\/v2\/posts\/983\/revisions"}],"predecessor-version":[{"id":985,"href":"https:\/\/radioclubedeinhapim.com.br\/index.php\/wp-json\/wp\/v2\/posts\/983\/revisions\/985"}],"wp:featuredmedia":[{"embeddable":true,"href":"https:\/\/radioclubedeinhapim.com.br\/index.php\/wp-json\/wp\/v2\/media\/984"}],"wp:attachment":[{"href":"https:\/\/radioclubedeinhapim.com.br\/index.php\/wp-json\/wp\/v2\/media?parent=983"}],"wp:term":[{"taxonomy":"category","embeddable":true,"href":"https:\/\/radioclubedeinhapim.com.br\/index.php\/wp-json\/wp\/v2\/categories?post=983"},{"taxonomy":"post_tag","embeddable":true,"href":"https:\/\/radioclubedeinhapim.com.br\/index.php\/wp-json\/wp\/v2\/tags?post=983"}],"curies":[{"name":"wp","href":"https:\/\/api.w.org\/{rel}","templated":true}]}}