{"id":9997,"date":"2026-04-27T09:08:43","date_gmt":"2026-04-27T12:08:43","guid":{"rendered":"https:\/\/radioclubedeinhapim.com.br\/?p=9997"},"modified":"2026-04-27T09:08:43","modified_gmt":"2026-04-27T12:08:43","slug":"justica-decreta-prisao-preventiva-de-investigados-por-roubos-contra-idosos-em-iapu","status":"publish","type":"post","link":"https:\/\/radioclubedeinhapim.com.br\/index.php\/2026\/04\/27\/justica-decreta-prisao-preventiva-de-investigados-por-roubos-contra-idosos-em-iapu\/","title":{"rendered":"Justi\u00e7a decreta pris\u00e3o preventiva de investigados por roubos contra idosos em Iapu"},"content":{"rendered":"\n<p>A Justi\u00e7a decretou a pris\u00e3o preventiva de dois investigados suspeitos de envolvimento em uma s\u00e9rie de roubos contra idosos no munic\u00edpio de Iapu e regi\u00e3o. A medida atende a um pedido do Minist\u00e9rio P\u00fablico de Minas Gerais, com base na gravidade dos crimes, na reincid\u00eancia e no risco \u00e0 ordem p\u00fablica.<\/p>\n\n\n\n<p>Os mandados de pris\u00e3o foram cumpridos no \u00faltimo s\u00e1bado, dia 25, garantindo a efetividade da decis\u00e3o judicial e a interrup\u00e7\u00e3o das atividades criminosas investigadas.<\/p>\n\n\n\n<p>De acordo com as investiga\u00e7\u00f5es, os suspeitos adotavam um modo de atua\u00e7\u00e3o que consistia em se aproximar de v\u00edtimas idosas, entrar nas resid\u00eancias e administrar subst\u00e2ncias ainda n\u00e3o identificadas, com o objetivo de reduzir a capacidade de rea\u00e7\u00e3o das v\u00edtimas e facilitar o roubo de bens.<\/p>\n\n\n\n<p>Em um dos casos apurados, a v\u00edtima foi encontrada em estado grave, com sinais de intoxica\u00e7\u00e3o, chegando a sofrer paradas cardiorrespirat\u00f3rias. As autoridades tamb\u00e9m investigam a poss\u00edvel liga\u00e7\u00e3o dos suspeitos com outros crimes semelhantes na regi\u00e3o, o que refor\u00e7a a hip\u00f3tese de atua\u00e7\u00e3o recorrente.<\/p>\n\n\n\n<p>A decis\u00e3o judicial considerou que a liberdade dos investigados representa risco concreto \u00e0 popula\u00e7\u00e3o, especialmente pela vulnerabilidade das v\u00edtimas e pela forma como os crimes eram executados.<\/p>\n\n\n\n<p>Os investigados permanecem \u00e0 disposi\u00e7\u00e3o da Justi\u00e7a. O Minist\u00e9rio P\u00fablico destacou que seguir\u00e1 atuando de forma rigorosa no combate a crimes que atingem grupos mais vulner\u00e1veis da sociedade.<\/p>\n","protected":false},"excerpt":{"rendered":"<p>A Justi\u00e7a decretou a pris\u00e3o preventiva de dois investigados suspeitos de envolvimento em uma s\u00e9rie de roubos contra idosos no munic\u00edpio de Iapu e regi\u00e3o. A medida atende a um pedido do Minist\u00e9rio P\u00fablico de Minas Gerais, com base na gravidade dos crimes, na reincid\u00eancia e no risco \u00e0 ordem p\u00fablica. Os mandados de pris\u00e3o [&hellip;]<\/p>\n","protected":false},"author":2,"featured_media":9998,"comment_status":"open","ping_status":"open","sticky":false,"template":"","format":"standard","meta":{"footnotes":""},"categories":[5],"tags":[],"class_list":["post-9997","post","type-post","status-publish","format-standard","has-post-thumbnail","hentry","category-noticias"],"wpmagazine_modules_lite_featured_media_urls":{"thumbnail":["https:\/\/radioclubedeinhapim.com.br\/wp-content\/uploads\/2026\/04\/2-2-150x150.jpg",150,150,true],"cvmm-medium":["https:\/\/radioclubedeinhapim.com.br\/wp-content\/uploads\/2026\/04\/2-2-300x300.jpg",300,300,true],"cvmm-medium-plus":["https:\/\/radioclubedeinhapim.com.br\/wp-content\/uploads\/2026\/04\/2-2-305x207.jpg",305,207,true],"cvmm-portrait":["https:\/\/radioclubedeinhapim.com.br\/wp-content\/uploads\/2026\/04\/2-2-400x600.jpg",400,600,true],"cvmm-medium-square":["https:\/\/radioclubedeinhapim.com.br\/wp-content\/uploads\/2026\/04\/2-2-600x600.jpg",600,600,true],"cvmm-large":["https:\/\/radioclubedeinhapim.com.br\/wp-content\/uploads\/2026\/04\/2-2-1024x1024.jpg",1024,1024,true],"cvmm-small":["https:\/\/radioclubedeinhapim.com.br\/wp-content\/uploads\/2026\/04\/2-2-130x95.jpg",130,95,true],"full":["https:\/\/radioclubedeinhapim.com.br\/wp-content\/uploads\/2026\/04\/2-2.jpg",1080,1080,false]},"categories_names":{"5":{"name":"Not\u00edcias","link":"https:\/\/radioclubedeinhapim.com.br\/index.php\/category\/noticias\/"}},"tags_names":[],"comments_number":"0","_links":{"self":[{"href":"https:\/\/radioclubedeinhapim.com.br\/index.php\/wp-json\/wp\/v2\/posts\/9997","targetHints":{"allow":["GET"]}}],"collection":[{"href":"https:\/\/radioclubedeinhapim.com.br\/index.php\/wp-json\/wp\/v2\/posts"}],"about":[{"href":"https:\/\/radioclubedeinhapim.com.br\/index.php\/wp-json\/wp\/v2\/types\/post"}],"author":[{"embeddable":true,"href":"https:\/\/radioclubedeinhapim.com.br\/index.php\/wp-json\/wp\/v2\/users\/2"}],"replies":[{"embeddable":true,"href":"https:\/\/radioclubedeinhapim.com.br\/index.php\/wp-json\/wp\/v2\/comments?post=9997"}],"version-history":[{"count":1,"href":"https:\/\/radioclubedeinhapim.com.br\/index.php\/wp-json\/wp\/v2\/posts\/9997\/revisions"}],"predecessor-version":[{"id":9999,"href":"https:\/\/radioclubedeinhapim.com.br\/index.php\/wp-json\/wp\/v2\/posts\/9997\/revisions\/9999"}],"wp:featuredmedia":[{"embeddable":true,"href":"https:\/\/radioclubedeinhapim.com.br\/index.php\/wp-json\/wp\/v2\/media\/9998"}],"wp:attachment":[{"href":"https:\/\/radioclubedeinhapim.com.br\/index.php\/wp-json\/wp\/v2\/media?parent=9997"}],"wp:term":[{"taxonomy":"category","embeddable":true,"href":"https:\/\/radioclubedeinhapim.com.br\/index.php\/wp-json\/wp\/v2\/categories?post=9997"},{"taxonomy":"post_tag","embeddable":true,"href":"https:\/\/radioclubedeinhapim.com.br\/index.php\/wp-json\/wp\/v2\/tags?post=9997"}],"curies":[{"name":"wp","href":"https:\/\/api.w.org\/{rel}","templated":true}]}}